{"id":19533,"date":"2026-03-02T00:21:05","date_gmt":"2026-03-02T03:21:05","guid":{"rendered":"https:\/\/horapicodigital.com.ar\/?p=19533"},"modified":"2026-03-02T00:21:06","modified_gmt":"2026-03-02T03:21:06","slug":"plan-de-seguridad-en-alto-comedero-con-una-inversion-de-mas-de-2-400-millones","status":"publish","type":"post","link":"https:\/\/horapicodigital.com.ar\/index.php\/2026\/03\/02\/plan-de-seguridad-en-alto-comedero-con-una-inversion-de-mas-de-2-400-millones\/","title":{"rendered":"Plan de seguridad en Alto Comedero con una inversi\u00f3n de m\u00e1s de $2.400 millones"},"content":{"rendered":"\n<p>Incluir\u00e1 divisi\u00f3n en cuadrantes, nuevas c\u00e1maras de videovigilancia, refacci\u00f3n de dependencias policiales y la creaci\u00f3n de centros de gesti\u00f3n y emergencias.<\/p>\n\n\n\n<p><strong>En el marco de la apertura del 156\u00b0 Per\u00edodo de Sesiones Ordinarias, el gobernador Carlos Sadir<\/strong>\u00a0anunci\u00f3 la puesta en marcha de un plan integral de seguridad destinado espec\u00edficamente a Alto Comedero, con una inversi\u00f3n de $2.424 millones.<\/p>\n\n\n\n<p>El programa apunta a fortalecer la prevenci\u00f3n del delito y la lucha contra el crimen organizado en uno de los sectores m\u00e1s poblados y estrat\u00e9gicos de San Salvador de Jujuy. La planificaci\u00f3n se estructura en tres ejes centrales: infraestructura, incorporaci\u00f3n de equipamiento tecnol\u00f3gico y redistribuci\u00f3n operativa de los recursos policiales.<\/p>\n\n\n\n<h2 class=\"wp-block-heading\">Divisi\u00f3n en cuadrantes y m\u00e1s presencia policial<\/h2>\n\n\n\n<p>El diputado y presidente del bloque del Frente Jujuy Crece, Santiago Jubert, destac\u00f3 como uno de los puntos clave la divisi\u00f3n estrat\u00e9gica de Alto Comedero en cuatro cuadrantes.<\/p>\n\n\n\n<p><strong>Seg\u00fan explic\u00f3, esta organizaci\u00f3n permitir\u00e1 un despliegue operativo m\u00e1s eficiente, con mayor presencia policial en las calles y tiempos de respuesta m\u00e1s r\u00e1pidos ante emergencias.<\/strong><\/p>\n\n\n\n<h2 class=\"wp-block-heading\">Tecnolog\u00eda y renovaci\u00f3n edilicia<\/h2>\n\n\n\n<p>El plan tambi\u00e9n contempla la instalaci\u00f3n de nuevas c\u00e1maras de videovigilancia de alta resoluci\u00f3n en sectores considerados cr\u00edticos, como 47 Hect\u00e1reas, Luca Arias y 180 Viviendas.<\/p>\n\n\n\n<p>A su vez, se prev\u00e9 la refacci\u00f3n integral de edificios policiales en todo el barrio, en el marco de una renovaci\u00f3n estructural que busca mejorar las condiciones de trabajo del personal y optimizar la atenci\u00f3n a los vecinos.<\/p>\n\n\n\n<h2 class=\"wp-block-heading\">Nuevos centros de gesti\u00f3n y respuesta<\/h2>\n\n\n\n<p>Entre las medidas m\u00e1s relevantes se destaca la creaci\u00f3n de dos organismos estrat\u00e9gicos:<\/p>\n\n\n\n<ul class=\"wp-block-list\">\n<li>Un\u00a0<strong>Centro de Gesti\u00f3n de Seguridad<\/strong>, encargado de coordinar tareas de inteligencia y monitoreo.<\/li>\n\n\n\n<li>Un\u00a0<strong>Centro Integrado de Emergencias y Defensa Civil<\/strong>, destinado a unificar la capacidad de respuesta inmediata ante cat\u00e1strofes o incidentes de gran magnitud.<\/li>\n<\/ul>\n\n\n\n<p>\u201cEsta planificaci\u00f3n con su correspondiente inversi\u00f3n es hist\u00f3rica, porque representa un cambio en el paradigma de la prevenci\u00f3n y el cuidado de la integridad y los bienes personales de los vecinos de Alto Comedero\u201d, reflexion\u00f3 Jubert.<\/p>\n","protected":false},"excerpt":{"rendered":"<p>Incluir\u00e1 divisi\u00f3n en cuadrantes, nuevas c\u00e1maras de videovigilancia, refacci\u00f3n de dependencias policiales y la creaci\u00f3n de centros de gesti\u00f3n y emergencias. En el marco de la apertura del 156\u00b0 Per\u00edodo de Sesiones Ordinarias, el gobernador Carlos Sadir\u00a0anunci\u00f3 la puesta en marcha de un plan integral de seguridad destinado espec\u00edficamente a Alto Comedero, con una inversi\u00f3n [&hellip;]<\/p>\n","protected":false},"author":7,"featured_media":19534,"comment_status":"open","ping_status":"open","sticky":false,"template":"","format":"standard","meta":{"_themeisle_gutenberg_block_has_review":false,"footnotes":""},"categories":[2854],"tags":[58],"class_list":["post-19533","post","type-post","status-publish","format-standard","has-post-thumbnail","hentry","category-seguridad","tag-jujuy"],"_links":{"self":[{"href":"https:\/\/horapicodigital.com.ar\/index.php\/wp-json\/wp\/v2\/posts\/19533","targetHints":{"allow":["GET"]}}],"collection":[{"href":"https:\/\/horapicodigital.com.ar\/index.php\/wp-json\/wp\/v2\/posts"}],"about":[{"href":"https:\/\/horapicodigital.com.ar\/index.php\/wp-json\/wp\/v2\/types\/post"}],"author":[{"embeddable":true,"href":"https:\/\/horapicodigital.com.ar\/index.php\/wp-json\/wp\/v2\/users\/7"}],"replies":[{"embeddable":true,"href":"https:\/\/horapicodigital.com.ar\/index.php\/wp-json\/wp\/v2\/comments?post=19533"}],"version-history":[{"count":1,"href":"https:\/\/horapicodigital.com.ar\/index.php\/wp-json\/wp\/v2\/posts\/19533\/revisions"}],"predecessor-version":[{"id":19535,"href":"https:\/\/horapicodigital.com.ar\/index.php\/wp-json\/wp\/v2\/posts\/19533\/revisions\/19535"}],"wp:featuredmedia":[{"embeddable":true,"href":"https:\/\/horapicodigital.com.ar\/index.php\/wp-json\/wp\/v2\/media\/19534"}],"wp:attachment":[{"href":"https:\/\/horapicodigital.com.ar\/index.php\/wp-json\/wp\/v2\/media?parent=19533"}],"wp:term":[{"taxonomy":"category","embeddable":true,"href":"https:\/\/horapicodigital.com.ar\/index.php\/wp-json\/wp\/v2\/categories?post=19533"},{"taxonomy":"post_tag","embeddable":true,"href":"https:\/\/horapicodigital.com.ar\/index.php\/wp-json\/wp\/v2\/tags?post=19533"}],"curies":[{"name":"wp","href":"https:\/\/api.w.org\/{rel}","templated":true}]}}