{"id":19451,"date":"2026-02-27T00:19:53","date_gmt":"2026-02-27T03:19:53","guid":{"rendered":"https:\/\/horapicodigital.com.ar\/?p=19451"},"modified":"2026-02-27T00:19:54","modified_gmt":"2026-02-27T03:19:54","slug":"sadir-en-el-relanzamiento-de-la-llama-que-llama-en-huacalera-nos-siguen-eligiendo","status":"publish","type":"post","link":"https:\/\/horapicodigital.com.ar\/index.php\/2026\/02\/27\/sadir-en-el-relanzamiento-de-la-llama-que-llama-en-huacalera-nos-siguen-eligiendo\/","title":{"rendered":"Sadir en el relanzamiento de \u00abLa llama que llama\u00bb en Huacalera: \u00abNos siguen eligiendo\u00bb"},"content":{"rendered":"\n<p class=\"wp-block-paragraph\">El gobernador particip\u00f3 del evento de lanzamiento de la serie que tiene como protagonista al ic\u00f3nico personaje juje\u00f1o y destac\u00f3 que permitir\u00e1 seguir potenciando a Jujuy como destino.<\/p>\n\n\n\n<p class=\"wp-block-paragraph\">El mandatario agradeci\u00f3 y destac\u00f3 la decisi\u00f3n de la empresa de elegir Jujuy, y espec\u00edficamente Huacalera, para su producto. Sadir recalc\u00f3 la importancia de optar por \u00abnuestra Quebrada de Humahuaca, que es un patrimonio\u00bb.<\/p>\n\n\n\n<p class=\"wp-block-paragraph\">\u00ab<strong>Nos siguen eligiendo<\/strong>, hace 25 a\u00f1os eligieron nuestra llama y verlos volver es un gusto. Para Jujuy es un orgullo que una empresa tan importante est\u00e9 ac\u00e1 y nos elija\u00bb, expres\u00f3 el gobernador sobre la elecci\u00f3n del destino para relanzar \u00abLa llama que llama\u00bb.<\/p>\n\n\n\n<p class=\"wp-block-paragraph\">Sadir tambi\u00e9n remarc\u00f3 que estas producciones constituyen \u00abuna manera de mostrar nuestro Jujuy, nuestras bellezas naturales y nuestra gente\u00bb. En ese sentido, indic\u00f3: \u00abJujuy viene trabajando much\u00edsimo en turismo y hoy tenemos una actividad continua, aument\u00f3 el pernocte, llegan turistas todo el a\u00f1o y el gran desaf\u00edo es seguir trabajando en esa l\u00ednea. Este lanzamiento viene en colaboraci\u00f3n para que la gente siga conociendo Jujuy\u00bb.<\/p>\n\n\n\n<h2 class=\"wp-block-heading\">Jujuy Energ\u00eda Viva<\/h2>\n\n\n\n<p class=\"wp-block-paragraph\">Por su parte, el ministro de Turismo y Cultura, Federico Posadas, puso en valor la acci\u00f3n de co-branding entre Personal Flow y&nbsp;<strong>la marca Jujuy Energ\u00eda Viva<\/strong>, \u00abcon el reconocimiento de que las llamas son juje\u00f1as, un animal ancestral que acompa\u00f1\u00f3 siempre la supervivencia en esta parte de la Argentina y de Sudam\u00e9rica\u00bb, ponder\u00f3.<\/p>\n\n\n\n<p class=\"wp-block-paragraph\">El funcionario valor\u00f3 el relanzamiento de la propuesta \u00ab25 a\u00f1os despu\u00e9s y en un formato totalmente distinto\u00bb. Al respecto, detall\u00f3: \u00abYa no son publicidades convencionales sino que va a ser una serie con 8 cap\u00edtulos en donde la picard\u00eda de las llamas va a estar presente, con lo cual la marca Jujuy va a estar tambi\u00e9n presente\u00bb.<\/p>\n\n\n\n<p class=\"wp-block-paragraph\">\u00abEs una gran oportunidad de seguir posicionando el destino. Agradecemos a la empresa por haber elegido Huacalera para el lanzamiento, por elegir Jujuy y por refrescar tambi\u00e9n esta publicidad ic\u00f3nica. Sabemos toda la fuerza promocional del hecho de que las llamas est\u00e9n presentes en Flow y asociarlo a la provincia de Jujuy\u00bb, sostuvo.<\/p>\n\n\n\n<p class=\"wp-block-paragraph\">A su turno, Pedro L\u00f3pez Matheu, director de Comunicaciones Externas, Sustentabilidad y Medios de Personal, se refiri\u00f3 a la decisi\u00f3n de elegir la provincia para lanzar la campa\u00f1a. \u00abElegimos Jujuy porque la llama es juje\u00f1a y porque esta provincia nos recibe siempre con una enorme calidez y amor\u00bb, expres\u00f3.<\/p>\n\n\n\n<p class=\"wp-block-paragraph\">Asimismo, destac\u00f3 que hay \u00abuna identificaci\u00f3n imposible de negar de Jujuy y la llama, y por eso elegimos la provincia y especialmente Huacalera que es un lugar paradis\u00edaco\u00bb.<\/p>\n\n\n\n<p class=\"wp-block-paragraph\">Con relaci\u00f3n al contenido que se ver\u00e1 en Flow desde el viernes 27 de febrero, afirm\u00f3 que \u00ablos cap\u00edtulos van a ser muy divertidos y, si bien la llama respeta la tradici\u00f3n de los personajes, se llaman igual, y el beb\u00e9 sigue siendo de Gimnasia y Esgrima de Jujuy, van a estar actualizados con un humor a la moda\u00bb.<\/p>\n\n\n\n<p class=\"wp-block-paragraph\">\u00abTenemos grandes expectativas de que realmente sean muy aceptados por todas las audiencias\u00bb, manifest\u00f3 L\u00f3pez Matheu. y agradeci\u00f3 el acompa\u00f1amiento del Gobierno de Jujuy. \u00ab<strong>Contamos siempre con el apoyo del gobernador Carlos Sadir y del ministro Federico Posadas<\/strong>, realmente fue un gusto trabajar con ellos\u00bb, expres\u00f3.<\/p>\n","protected":false},"excerpt":{"rendered":"<p>El gobernador particip\u00f3 del evento de lanzamiento de la serie que tiene como protagonista al ic\u00f3nico personaje juje\u00f1o y destac\u00f3 que permitir\u00e1 seguir potenciando a Jujuy como destino. El mandatario agradeci\u00f3 y destac\u00f3 la decisi\u00f3n de la empresa de elegir Jujuy, y espec\u00edficamente Huacalera, para su producto. Sadir recalc\u00f3 la importancia de optar por \u00abnuestra [&hellip;]<\/p>\n","protected":false},"author":7,"featured_media":19452,"comment_status":"open","ping_status":"open","sticky":false,"template":"","format":"standard","meta":{"_themeisle_gutenberg_block_has_review":false,"footnotes":""},"categories":[1848],"tags":[58],"class_list":["post-19451","post","type-post","status-publish","format-standard","has-post-thumbnail","hentry","category-turismo","tag-jujuy"],"_links":{"self":[{"href":"https:\/\/horapicodigital.com.ar\/index.php\/wp-json\/wp\/v2\/posts\/19451","targetHints":{"allow":["GET"]}}],"collection":[{"href":"https:\/\/horapicodigital.com.ar\/index.php\/wp-json\/wp\/v2\/posts"}],"about":[{"href":"https:\/\/horapicodigital.com.ar\/index.php\/wp-json\/wp\/v2\/types\/post"}],"author":[{"embeddable":true,"href":"https:\/\/horapicodigital.com.ar\/index.php\/wp-json\/wp\/v2\/users\/7"}],"replies":[{"embeddable":true,"href":"https:\/\/horapicodigital.com.ar\/index.php\/wp-json\/wp\/v2\/comments?post=19451"}],"version-history":[{"count":1,"href":"https:\/\/horapicodigital.com.ar\/index.php\/wp-json\/wp\/v2\/posts\/19451\/revisions"}],"predecessor-version":[{"id":19453,"href":"https:\/\/horapicodigital.com.ar\/index.php\/wp-json\/wp\/v2\/posts\/19451\/revisions\/19453"}],"wp:featuredmedia":[{"embeddable":true,"href":"https:\/\/horapicodigital.com.ar\/index.php\/wp-json\/wp\/v2\/media\/19452"}],"wp:attachment":[{"href":"https:\/\/horapicodigital.com.ar\/index.php\/wp-json\/wp\/v2\/media?parent=19451"}],"wp:term":[{"taxonomy":"category","embeddable":true,"href":"https:\/\/horapicodigital.com.ar\/index.php\/wp-json\/wp\/v2\/categories?post=19451"},{"taxonomy":"post_tag","embeddable":true,"href":"https:\/\/horapicodigital.com.ar\/index.php\/wp-json\/wp\/v2\/tags?post=19451"}],"curies":[{"name":"wp","href":"https:\/\/api.w.org\/{rel}","templated":true}]}}