{"id":19374,"date":"2026-02-21T00:53:41","date_gmt":"2026-02-21T03:53:41","guid":{"rendered":"https:\/\/horapicodigital.com.ar\/?p=19374"},"modified":"2026-02-21T00:53:42","modified_gmt":"2026-02-21T03:53:42","slug":"renuevan-la-alerta-por-tormentas-para-jujuy-hasta-que-dia","status":"publish","type":"post","link":"https:\/\/horapicodigital.com.ar\/index.php\/2026\/02\/21\/renuevan-la-alerta-por-tormentas-para-jujuy-hasta-que-dia\/","title":{"rendered":"Renuevan la alerta por tormentas para Jujuy: hasta qu\u00e9 d\u00eda"},"content":{"rendered":"\n<p>El SMN renov\u00f3 la alerta por tormentas, posible granizo y actividad el\u00e9ctrica en varios sectores de la provincia.<\/p>\n\n\n\n<p>La provincia de Jujuy se encuentra bajo<strong>\u00a0alerta amarilla por tormentas durante tres d\u00edas consecutivos:<\/strong>\u00a0viernes, s\u00e1bado y domingo. Seg\u00fan el informe oficial, el \u00e1rea ser\u00e1 afectada por tormentas aisladas, algunas fuertes o localmente severas.<\/p>\n\n\n\n<h2 class=\"wp-block-heading\">Zonas afectadas y momentos de mayor intensidad<\/h2>\n\n\n\n<p>La alerta rige para las siguientes regiones:<em><strong>&nbsp;El Carmen, Ledesma, Palpal\u00e1, San Antonio, San Pedro, Santa B\u00e1rbara, Valle Grande, la zona baja del departamento Doctor Manuel Belgrano y la zona baja de Tilcara.<\/strong><\/em><\/p>\n\n\n\n<p><em><strong>Adem\u00e1s se suman: Puna de Cochinoca &#8211; Puna de Humahuaca &#8211; Puna de Rinconada &#8211; Puna de Santa Catalina &#8211; Puna de Tilcara &#8211; Puna de Tumbaya &#8211; Yavi.<\/strong><\/em><\/p>\n\n\n\n<p>Los fen\u00f3menos pueden estar acompa\u00f1ados por ca\u00edda de&nbsp;<strong>granizo, intensa actividad el\u00e9ctrica<\/strong>, abundante&nbsp;<strong>precipitaci\u00f3n<\/strong>&nbsp;en cortos per\u00edodos de tiempo y&nbsp;<strong>r\u00e1fagas de viento&nbsp;<\/strong>que podr\u00edan alcanzar los&nbsp;<strong>80 km\/h<\/strong>. Adem\u00e1s, se prev\u00e9n valores de precipitaci\u00f3n acumulada entre&nbsp;<strong>25 y 50<\/strong>&nbsp;<strong>mil\u00edmetros<\/strong>, con posibilidad de que esos registros sean superados de manera puntual en algunas localidades.<\/p>\n\n\n\n<p>Los momentos de mayor impacto del fen\u00f3meno se prev\u00e9n para el&nbsp;<strong>viernes<\/strong>&nbsp;por la noche, el<strong>&nbsp;s\u00e1bado&nbsp;<\/strong>por la ma\u00f1ana y nuevamente el s\u00e1bado por la noche, cuando podr\u00edan registrarse las tormentas m\u00e1s intensas. La alerta se mantiene hasta el d\u00eda&nbsp;<strong>domingo<\/strong>&nbsp;en horario matutino, con probables tormentas el\u00e9ctricas.<\/p>\n\n\n\n<h2 class=\"wp-block-heading\">Temperatura para el fin de semana<\/h2>\n\n\n\n<p>Seg\u00fan indica el SMN, para este<strong>&nbsp;viernes<\/strong>&nbsp;en San Salvador de Jujuy se espera una m\u00e1xima de 26\u00ba y m\u00ednima de 17\u00ba, con probabilidades de lluvia durante toda la jornada, iniciando con algunas tormentas el\u00e9ctricas. Lo mismo suceder\u00eda los d\u00edas&nbsp;<strong>s\u00e1bado y domingo,<\/strong>&nbsp;con lluvias y actividad el\u00e9ctrica durante toda la jornada.<\/p>\n\n\n\n<h2 class=\"wp-block-heading\">Recomendaciones ante la alerta<\/h2>\n\n\n\n<p>Ante este escenario, se recomienda a la poblaci\u00f3n extremar las precauciones, evitar circular por calles anegadas, no resguardarse bajo \u00e1rboles durante las tormentas el\u00e9ctricas y asegurar objetos que puedan volarse con el viento.<\/p>\n","protected":false},"excerpt":{"rendered":"<p>El SMN renov\u00f3 la alerta por tormentas, posible granizo y actividad el\u00e9ctrica en varios sectores de la provincia. La provincia de Jujuy se encuentra bajo\u00a0alerta amarilla por tormentas durante tres d\u00edas consecutivos:\u00a0viernes, s\u00e1bado y domingo. Seg\u00fan el informe oficial, el \u00e1rea ser\u00e1 afectada por tormentas aisladas, algunas fuertes o localmente severas. Zonas afectadas y momentos [&hellip;]<\/p>\n","protected":false},"author":7,"featured_media":19375,"comment_status":"open","ping_status":"open","sticky":false,"template":"","format":"standard","meta":{"_themeisle_gutenberg_block_has_review":false,"footnotes":""},"categories":[2711],"tags":[58],"class_list":["post-19374","post","type-post","status-publish","format-standard","has-post-thumbnail","hentry","category-clima","tag-jujuy"],"_links":{"self":[{"href":"https:\/\/horapicodigital.com.ar\/index.php\/wp-json\/wp\/v2\/posts\/19374","targetHints":{"allow":["GET"]}}],"collection":[{"href":"https:\/\/horapicodigital.com.ar\/index.php\/wp-json\/wp\/v2\/posts"}],"about":[{"href":"https:\/\/horapicodigital.com.ar\/index.php\/wp-json\/wp\/v2\/types\/post"}],"author":[{"embeddable":true,"href":"https:\/\/horapicodigital.com.ar\/index.php\/wp-json\/wp\/v2\/users\/7"}],"replies":[{"embeddable":true,"href":"https:\/\/horapicodigital.com.ar\/index.php\/wp-json\/wp\/v2\/comments?post=19374"}],"version-history":[{"count":1,"href":"https:\/\/horapicodigital.com.ar\/index.php\/wp-json\/wp\/v2\/posts\/19374\/revisions"}],"predecessor-version":[{"id":19376,"href":"https:\/\/horapicodigital.com.ar\/index.php\/wp-json\/wp\/v2\/posts\/19374\/revisions\/19376"}],"wp:featuredmedia":[{"embeddable":true,"href":"https:\/\/horapicodigital.com.ar\/index.php\/wp-json\/wp\/v2\/media\/19375"}],"wp:attachment":[{"href":"https:\/\/horapicodigital.com.ar\/index.php\/wp-json\/wp\/v2\/media?parent=19374"}],"wp:term":[{"taxonomy":"category","embeddable":true,"href":"https:\/\/horapicodigital.com.ar\/index.php\/wp-json\/wp\/v2\/categories?post=19374"},{"taxonomy":"post_tag","embeddable":true,"href":"https:\/\/horapicodigital.com.ar\/index.php\/wp-json\/wp\/v2\/tags?post=19374"}],"curies":[{"name":"wp","href":"https:\/\/api.w.org\/{rel}","templated":true}]}}