{"id":19341,"date":"2026-02-20T01:11:24","date_gmt":"2026-02-20T04:11:24","guid":{"rendered":"https:\/\/horapicodigital.com.ar\/?p=19341"},"modified":"2026-02-20T01:11:25","modified_gmt":"2026-02-20T04:11:25","slug":"tras-el-paro-la-cgt-advirtio-que-judicializara-la-reforma-laboral-si-es-aprobada","status":"publish","type":"post","link":"https:\/\/horapicodigital.com.ar\/index.php\/2026\/02\/20\/tras-el-paro-la-cgt-advirtio-que-judicializara-la-reforma-laboral-si-es-aprobada\/","title":{"rendered":"Tras el paro, la CGT advirti\u00f3 que judicializar\u00e1 la reforma laboral si es aprobada"},"content":{"rendered":"\n<p>En di\u00e1logo con el equipo de Infobae al Regreso, el secretario general de la CGT, Jorge Sola, anticip\u00f3 que la central obrera recurrir\u00e1 a la Justicia si el Congreso sanciona la reforma laboral impulsada por el Gobierno.<\/p>\n\n\n\n<p>En una entrevista con\u00a0<strong>Infobae en vivo<\/strong>, el secretario general de la\u00a0<strong>CGT<\/strong>,\u00a0<strong>Jorge Sola<\/strong>, confirm\u00f3 que la organizaci\u00f3n sindical ir\u00e1 a la Justicia si el Congreso aprueba la reforma laboral.\u00a0<strong>\u201cLa vamos a judicializar. Hay dos principios constitucionales que est\u00e1n conculcados: el 14 bis y el de no regresividad de los derechos sociales\u201d<\/strong>, afirm\u00f3 Sola al ser consultado sobre los pr\u00f3ximos pasos del gremio tras la medida de fuerza.<\/p>\n\n\n\n<p>Durante la charla con el equipo de\u00a0<strong>Infobae al Regreso<\/strong>, integrado por Gonzalo Aziz, Diego Iglesias, Malena de los R\u00edos, Mat\u00edas Barber\u00eda y Mart\u00edn Tetaz, Sola defendi\u00f3 la estrategia de la central obrera:\u00a0<strong>\u201cNuestra responsabilidad es gremial y es la de oponernos a un programa econ\u00f3mico y pol\u00edtico que no tiene en cuenta a los trabajadores como centro de escena<\/strong>, sino que los pretende como engranaje de un mecanismo de producci\u00f3n\u201d.<\/p>\n\n\n\n<p>El dirigente fue terminante al explicar el motivo del paro nacional y el rechazo a la reforma:\u00a0<strong>\u201cNo estamos hablando de un art\u00edculo. Estamos hablando del rechazo absoluto a la reforma<\/strong>. Ten\u00edamos decidido que cuando se tratara esta reforma, porque la rechazamos en su totalidad, \u00edbamos a llevar adelante la medida de fuerza\u201d.<\/p>\n\n\n\n<p>Sola subray\u00f3 que la acci\u00f3n sindical no se limita al Ejecutivo nacional:\u00a0<strong>\u201cNo es un paro en contra de un gobierno en particular, sino por este proyecto<\/strong>, que est\u00e1 en un momento de humor social donde la gente est\u00e1 reclamando por el rompimiento del tejido social\u201d.<\/p>\n\n\n\n<p>Consultado sobre si el objetivo de la huelga es influir en el voto de los legisladores, Sola respondi\u00f3:\u00a0<strong>\u201cPrecisamente buscamos llamar la atenci\u00f3n a un gobierno que no nos ha aceptado en el di\u00e1logo en ning\u00fan momento<\/strong>. Hicimos 12 movilizaciones, 4 paros, y no est\u00e1n sentados los trabajadores en un proyecto donde se tratan sus propios intereses\u201d. Defendi\u00f3 la legitimidad de la protesta: \u201cUno puede expresarse, claro. Lo hemos hecho manteniendo la paz social\u201d.<\/p>\n\n\n\n<h2 class=\"wp-block-heading\">Los puntos m\u00e1s conflictivos: indemnizaciones, banco de horas y derechos sindicales<\/h2>\n\n\n\n<p>Sola detall\u00f3 los aspectos que la CGT considera m\u00e1s regresivos de la reforma:&nbsp;<strong>\u201cNo es una modernizaci\u00f3n, es un t\u00edtulo rom\u00e1ntico que tiene porque no moderniza. Deroga la ley de teletrabajo, no habla de tecnolog\u00eda ni de rob\u00f3tica, baja derechos, lic\u00faa indemnizaciones, limita el derecho de huelga y restringe la militancia del delegado gremial<\/strong>. Adem\u00e1s, hay una gran transferencia de recursos por parte de los trabajadores a los empleadores, alrededor de seis mil millones de d\u00f3lares\u201d.<\/p>\n\n\n\n<p>El secretario general tambi\u00e9n cuestion\u00f3 la habilitaci\u00f3n de convenios por empresa por debajo del convenio colectivo: \u201cEse principio de no regresividad de derechos es constitucional. Todo puede ir para arriba, pero no para abajo. Hoy, un empleador puede generar un sindicato por empresa y negociar a la baja. Eso debilita la posici\u00f3n de los trabajadores\u201d.<\/p>\n\n\n\n<p>Sobre el banco de horas, Sola advirti\u00f3:&nbsp;<strong>\u201cPermite que el empleador, en acuerdo con el trabajador, decida: \u2018No te pago horas extra, te las tom\u00e1s cuando baje la producci\u00f3n\u2019. \u00bfQui\u00e9n define cu\u00e1ndo se toman? El empleador. As\u00ed el trabajador pierde plata y previsibilidad sobre su vida\u201d<\/strong>.<\/p>\n\n\n\n<h2 class=\"wp-block-heading\">El futuro del plan de acci\u00f3n y la v\u00eda judicial<\/h2>\n\n\n\n<p>Al evaluar el resultado del paro, Sola sostuvo:&nbsp;<strong>\u201cFue el m\u00e1s importante de los cuatro que se han hecho en este gobierno. El acatamiento fue muy alto, sobre todo de los trabajadores formales, los nueve millones que tienen representaci\u00f3n gremial. Recibimos el acompa\u00f1amiento de muchas pymes en contra de este proyecto\u201d<\/strong>.<\/p>\n\n\n\n<p>En cuanto al futuro, Sola fue claro: \u201cNo termina con esto. La profundizaci\u00f3n del plan de acci\u00f3n implica decirle al Gobierno y al poder pol\u00edtico que lo que han hecho va en contra de cualquier derecho manifestado en la Constituci\u00f3n. Por lo tanto, la vamos a judicializar a esta ley\u201d.<\/p>\n\n\n\n<p>El dirigente fundament\u00f3 la decisi\u00f3n de acudir a la Justicia: \u201cHay dos principios constitucionales que est\u00e1n conculcados: el principio protectorio del derecho del trabajo y el principio de no regresividad de los derechos sociales. El Pacto de San Jos\u00e9 de Costa Rica lo dice claramente: una vez que ten\u00e9s un derecho, no pod\u00e9s bajar de ese nivel\u201d.<\/p>\n\n\n\n<p><strong>Infobae<\/strong>&nbsp;te acompa\u00f1a cada d\u00eda en YouTube con entrevistas, an\u00e1lisis y la informaci\u00f3n m\u00e1s destacada, en un formato cercano y din\u00e1mico.<\/p>\n\n\n\n<p>\u2022 De 7 a 9:&nbsp;<strong>Infobae al Amanecer<\/strong>: Nacho Giron, Luciana Rubinska y Bel\u00e9n Escobar<\/p>\n\n\n\n<p>\u2022 De 9 a 12:&nbsp;<strong>Infobae a las Nueve<\/strong>: Gonzalo S\u00e1nchez, Tatiana Schapiro, Ram\u00f3n Indart y Cecilia Boufflet<\/p>\n\n\n\n<p>\u2022 De 12 a 15:&nbsp;<strong>Infobae al Mediodia<\/strong>: Maru Duffard, Andrei Serbin Pont, Jimena Grandinetti, Fede Mayol y Facundo Kablan<\/p>\n\n\n\n<p>\u2022 De 15 a 18:&nbsp;<strong>Infobae a la Tarde<\/strong>: Manu Jove, Maia Jastreblansky y Paula Guardia Bourdin; rotan en la semana Marcos Shaw, Lara L\u00f3pez Calvo y Tom\u00e1s Trap\u00e9<\/p>\n\n\n\n<p>\u2022 De 18 a 21:&nbsp;<strong>Infobae al Regreso<\/strong>: Gonzalo Aziz, Diego Iglesias, Malena de los R\u00edos y Mat\u00edas Barber\u00eda; rotan en la semana Gustavo Lazzari, Mart\u00edn Tetaz y Mica Mendelevich<\/p>\n","protected":false},"excerpt":{"rendered":"<p>En di\u00e1logo con el equipo de Infobae al Regreso, el secretario general de la CGT, Jorge Sola, anticip\u00f3 que la central obrera recurrir\u00e1 a la Justicia si el Congreso sanciona la reforma laboral impulsada por el Gobierno. En una entrevista con\u00a0Infobae en vivo, el secretario general de la\u00a0CGT,\u00a0Jorge Sola, confirm\u00f3 que la organizaci\u00f3n sindical ir\u00e1 [&hellip;]<\/p>\n","protected":false},"author":7,"featured_media":19342,"comment_status":"open","ping_status":"open","sticky":false,"template":"","format":"standard","meta":{"_themeisle_gutenberg_block_has_review":false,"footnotes":""},"categories":[33],"tags":[85],"class_list":["post-19341","post","type-post","status-publish","format-standard","has-post-thumbnail","hentry","category-politica","tag-pais"],"_links":{"self":[{"href":"https:\/\/horapicodigital.com.ar\/index.php\/wp-json\/wp\/v2\/posts\/19341","targetHints":{"allow":["GET"]}}],"collection":[{"href":"https:\/\/horapicodigital.com.ar\/index.php\/wp-json\/wp\/v2\/posts"}],"about":[{"href":"https:\/\/horapicodigital.com.ar\/index.php\/wp-json\/wp\/v2\/types\/post"}],"author":[{"embeddable":true,"href":"https:\/\/horapicodigital.com.ar\/index.php\/wp-json\/wp\/v2\/users\/7"}],"replies":[{"embeddable":true,"href":"https:\/\/horapicodigital.com.ar\/index.php\/wp-json\/wp\/v2\/comments?post=19341"}],"version-history":[{"count":1,"href":"https:\/\/horapicodigital.com.ar\/index.php\/wp-json\/wp\/v2\/posts\/19341\/revisions"}],"predecessor-version":[{"id":19343,"href":"https:\/\/horapicodigital.com.ar\/index.php\/wp-json\/wp\/v2\/posts\/19341\/revisions\/19343"}],"wp:featuredmedia":[{"embeddable":true,"href":"https:\/\/horapicodigital.com.ar\/index.php\/wp-json\/wp\/v2\/media\/19342"}],"wp:attachment":[{"href":"https:\/\/horapicodigital.com.ar\/index.php\/wp-json\/wp\/v2\/media?parent=19341"}],"wp:term":[{"taxonomy":"category","embeddable":true,"href":"https:\/\/horapicodigital.com.ar\/index.php\/wp-json\/wp\/v2\/categories?post=19341"},{"taxonomy":"post_tag","embeddable":true,"href":"https:\/\/horapicodigital.com.ar\/index.php\/wp-json\/wp\/v2\/tags?post=19341"}],"curies":[{"name":"wp","href":"https:\/\/api.w.org\/{rel}","templated":true}]}}