{"id":19338,"date":"2026-02-20T01:08:24","date_gmt":"2026-02-20T04:08:24","guid":{"rendered":"https:\/\/horapicodigital.com.ar\/?p=19338"},"modified":"2026-02-20T01:08:25","modified_gmt":"2026-02-20T04:08:25","slug":"cuanto-dinero-recibira-river-plate-por-el-pase-de-adam-bareiro-a-boca-juniors","status":"publish","type":"post","link":"https:\/\/horapicodigital.com.ar\/index.php\/2026\/02\/20\/cuanto-dinero-recibira-river-plate-por-el-pase-de-adam-bareiro-a-boca-juniors\/","title":{"rendered":"Cu\u00e1nto dinero recibir\u00e1 River Plate por el pase de Adam Bareiro a Boca Juniors"},"content":{"rendered":"\n<p>El delantero paraguayo dejar\u00e1 Fortaleza de Brasil para firmar con el Xeneize.<\/p>\n\n\n\n<p>La reciente<strong>transferencia de Adam Bareiro de Fortaleza a Boca Juniors<\/strong>\u00a0no solo representa un movimiento relevante para el mercado de pases argentino, sino que\u00a0<strong>tambi\u00e9n genera un efecto econ\u00f3mico directo en River Plate, club que manten\u00eda el 50% de los derechos econ\u00f3micos del delantero paraguayo<\/strong>. En una operaci\u00f3n que involucra a tres instituciones y que se sell\u00f3 en 3 millones de d\u00f3lares por el 100% del pase,\u00a0<strong>el club de N\u00fa\u00f1ez recibir\u00e1 1.500.000 d\u00f3lares limpios<\/strong>, pese a no haber intervenido en la negociaci\u00f3n ni en el destino final del futbolista.<\/p>\n\n\n\n<p>La venta de Bareiro se articul\u00f3 entre Fortaleza, que pose\u00eda la mitad de la ficha, y Boca Juniors, que buscaba reforzar su plantel. El acuerdo entre ambos clubes contempl\u00f3 la adquisici\u00f3n total del pase, lo que activ\u00f3 de forma autom\u00e1tica el reparto proporcional entre quienes conservaban derechos econ\u00f3micos. River Plate, titular del otro 50%, se asegur\u00f3 as\u00ed un ingreso inmediato de 1.5 millones de d\u00f3lares, resultado de una cl\u00e1usula contractual que le permit\u00eda beneficiarse de cualquier transferencia futura del jugador.<\/p>\n\n\n\n<p>El trayecto de Adam Bareiro en el f\u00fatbol argentino y sudamericano ha estado marcado por sucesivas transferencias y cesiones. En 2024, River Plate adquiri\u00f3 el pase del delantero a San Lorenzo por una suma bruta de 2,5 millones de d\u00f3lares, con la posibilidad de incrementar el monto en otros 2 millones sujetos a objetivos deportivos, lo que totalizaba una inversi\u00f3n potencial de 4.5 millones de d\u00f3lares. La etapa de Bareiro en el club de N\u00fa\u00f1ez no respondi\u00f3 a las expectativas iniciales:\u00a0<strong>disput\u00f3 16 partidos oficiales sin convertir goles, lo que llev\u00f3 a la dirigencia a buscar opciones para recuperar parte del capital invertido.<\/strong><\/p>\n\n\n\n<p>Tras su paso por River Plate, Bareiro fue cedido a Al-Rayyan de Qatar, donde el club argentino percibi\u00f3 un ingreso adicional por concepto de pr\u00e9stamo (1 mill\u00f3n de la moneda estadounidense). M\u00e1s tarde, la instituci\u00f3n transfiri\u00f3 el 50% de los derechos econ\u00f3micos a Fortaleza en una operaci\u00f3n cercana a los 3 millones de d\u00f3lares. El club brasile\u00f1o, al no cumplir con los objetivos estipulados para la compra de un porcentaje mayor, mantuvo solo la mitad de la ficha, lo que dej\u00f3 a River como copropietario hasta la reciente negociaci\u00f3n con Boca.<\/p>\n\n\n\n<p>En los \u00faltimos d\u00edas, cuando comenz\u00f3 a tomar fuerza el posible desembarco del paraguayo en el conjunto de La Ribera, el delantero declar\u00f3: \u201cLa realidad es que, como siempre digo, tengo la cabeza ac\u00e1. Fortaleza fue un club que tuvo mucha confianza en m\u00ed, valoro eso. La gente, compa\u00f1eros, la directiva, siempre confiaron en m\u00ed y estoy pasando un gran momento gracias a ellos. Despu\u00e9s, obviamente, cuando uno est\u00e1 con buenos resultados, es bueno que otros equipos sigan tu carrera, eso queda entre los clubes, queda entre mi agente con la gente de Boca, solo tengo la cabeza ac\u00e1, estoy trabajando eso y para dar lo mejor de m\u00ed\u201c.<\/p>\n\n\n\n<p>El efecto financiero para River Plate adquiere relevancia en la medida en que, al sumar los ingresos provenientes del pr\u00e9stamo a Qatar, la venta parcial a Brasil y ahora la liquidaci\u00f3n del 50% restante, el club logra recuperar la inversi\u00f3n realizada por el delantero paraguayo dos a\u00f1os atr\u00e1s.<\/p>\n\n\n\n<p>Bareiro, de 29 a\u00f1os, surgi\u00f3 de Olimpia de Paraguay. Luego pas\u00f3 por River Plate y Nacional, tambi\u00e9n de su pa\u00eds. Visti\u00f3 los colores de Rayados de Monterrey y Atl\u00e9tico San Luis de M\u00e9xico y Alanyaspor de Turqu\u00eda. Tambi\u00e9n se destac\u00f3 en San Lorenzo.<\/p>\n\n\n\n<p>Vale recordar que tras su magro paso por el Millonario, el punta declar\u00f3: \u201cMe cost\u00f3 mucho la decisi\u00f3n de venir, pude conocer el Mundo River, fue muy poco tiempo, pero parecieron a\u00f1os por la afinidad que hice con mis compa\u00f1eros y la gente del club. Es una instituci\u00f3n muy linda que te exige mucho, es muy pesado, no es para muchos estar en un club como River\u201d.<\/p>\n\n\n\n<p>El goleador era una vieja debilidad para el presidente Juan Rom\u00e1n Riquelme, quien ya lo ten\u00eda en la mira desde su etapa en el Cicl\u00f3n: \u201cEl 9 de San Lorenzo me parece que compite todo el tiempo. Compite, compite y el f\u00fatbol es eso para m\u00ed. El que juega mal, si compite, pasa a ser bueno; el que es bueno y compite, pasa a ser muy bueno; y el que es muy bueno y compite, es Messi. Vos pod\u00e9s ser muy bueno, pero si no te gusta competir, pas\u00e1s a ser normal. El 9 de San Lorenzo compite todo el tiempo, contra el que sea\u201d.<\/p>\n\n\n\n<p>Las dificultades ofensivas del Xeneize en lo que va del Torneo Apertura se agudizaron por las lesiones de referentes claves. Edinson Cavani atraviesa una lumbalgia que lo margin\u00f3 durante semanas y reci\u00e9n reapareci\u00f3 ante Platense, mientras que Milton Gim\u00e9nez fue operado y no tiene fecha definida de retorno. De manera simult\u00e1nea, la reciente transferencia de los juveniles Valentino Simoni e Ignacio Rodr\u00edguez, integrantes de la Reserva, a Gimnasia de Mendoza y Atlanta, redujo las opciones en el plantel.<\/p>\n","protected":false},"excerpt":{"rendered":"<p>El delantero paraguayo dejar\u00e1 Fortaleza de Brasil para firmar con el Xeneize. La recientetransferencia de Adam Bareiro de Fortaleza a Boca Juniors\u00a0no solo representa un movimiento relevante para el mercado de pases argentino, sino que\u00a0tambi\u00e9n genera un efecto econ\u00f3mico directo en River Plate, club que manten\u00eda el 50% de los derechos econ\u00f3micos del delantero paraguayo. [&hellip;]<\/p>\n","protected":false},"author":7,"featured_media":19339,"comment_status":"open","ping_status":"open","sticky":false,"template":"","format":"standard","meta":{"_themeisle_gutenberg_block_has_review":false,"footnotes":""},"categories":[10],"tags":[85],"class_list":["post-19338","post","type-post","status-publish","format-standard","has-post-thumbnail","hentry","category-deportes","tag-pais"],"_links":{"self":[{"href":"https:\/\/horapicodigital.com.ar\/index.php\/wp-json\/wp\/v2\/posts\/19338","targetHints":{"allow":["GET"]}}],"collection":[{"href":"https:\/\/horapicodigital.com.ar\/index.php\/wp-json\/wp\/v2\/posts"}],"about":[{"href":"https:\/\/horapicodigital.com.ar\/index.php\/wp-json\/wp\/v2\/types\/post"}],"author":[{"embeddable":true,"href":"https:\/\/horapicodigital.com.ar\/index.php\/wp-json\/wp\/v2\/users\/7"}],"replies":[{"embeddable":true,"href":"https:\/\/horapicodigital.com.ar\/index.php\/wp-json\/wp\/v2\/comments?post=19338"}],"version-history":[{"count":1,"href":"https:\/\/horapicodigital.com.ar\/index.php\/wp-json\/wp\/v2\/posts\/19338\/revisions"}],"predecessor-version":[{"id":19340,"href":"https:\/\/horapicodigital.com.ar\/index.php\/wp-json\/wp\/v2\/posts\/19338\/revisions\/19340"}],"wp:featuredmedia":[{"embeddable":true,"href":"https:\/\/horapicodigital.com.ar\/index.php\/wp-json\/wp\/v2\/media\/19339"}],"wp:attachment":[{"href":"https:\/\/horapicodigital.com.ar\/index.php\/wp-json\/wp\/v2\/media?parent=19338"}],"wp:term":[{"taxonomy":"category","embeddable":true,"href":"https:\/\/horapicodigital.com.ar\/index.php\/wp-json\/wp\/v2\/categories?post=19338"},{"taxonomy":"post_tag","embeddable":true,"href":"https:\/\/horapicodigital.com.ar\/index.php\/wp-json\/wp\/v2\/tags?post=19338"}],"curies":[{"name":"wp","href":"https:\/\/api.w.org\/{rel}","templated":true}]}}