{"id":19333,"date":"2026-02-20T01:03:24","date_gmt":"2026-02-20T04:03:24","guid":{"rendered":"https:\/\/horapicodigital.com.ar\/?p=19333"},"modified":"2026-02-20T01:03:25","modified_gmt":"2026-02-20T04:03:25","slug":"los-incidentes-en-la-marcha-del-congreso-contra-la-reforma-laboral","status":"publish","type":"post","link":"https:\/\/horapicodigital.com.ar\/index.php\/2026\/02\/20\/los-incidentes-en-la-marcha-del-congreso-contra-la-reforma-laboral\/","title":{"rendered":"Los incidentes en la marcha del Congreso contra la reforma laboral"},"content":{"rendered":"\n<p>Diferentes agrupaciones se concentraron en la Plaza de los Dos Congresos para rechazar el proyecto que se trata en la C\u00e1mara de Diputados. La Polic\u00eda lanz\u00f3 gases y detuvo a varios manifestantes tras el enfrentamiento<\/p>\n\n\n\n<p>En medio del&nbsp;<strong>fuerte debate sobre la reforma laboral<\/strong>&nbsp;que se lleva a cabo en la&nbsp;<strong>C\u00e1mara de Diputados<\/strong>, en las afueras del&nbsp;<strong>Congreso<\/strong>&nbsp;se registraron varios incidentes entre los manifestantes y la polic\u00eda. Hubo gases lacrim\u00f3genos y disparos con balas de goma.<\/p>\n\n\n\n<p>Pasadas las 18, efectivos de la\u00a0<strong>Polic\u00eda Federal<\/strong>\u00a0y la\u00a0<strong>Gendarmer\u00eda<\/strong>\u00a0avanzaron con la infanter\u00eda para arrestar a algunos de los grupos de personas que\u00a0<strong>derribaron al menos dos vallas\u00a0<\/strong>que estaban en el per\u00edmetro del\u00a0<strong>Congreso<\/strong>.<a href=\"https:\/\/www.infobae.com\/politica\/2026\/02\/19\/asi-esta-el-poroteo-de-la-reforma-laboral-que-se-debate-en-la-camara-de-diputados\/\" target=\"_blank\" rel=\"noreferrer noopener\"><\/a><\/p>\n\n\n\n<p>M\u00e1s temprano, los incidentes se hab\u00edan dado cuando las agrupaciones se concentraron frente al lugar donde estaban las fuerzas federales a pesar de la respuesta del cami\u00f3n hidrante y los\u00a0<strong>gases lacrim\u00f3genos<\/strong>\u00a0que lanzaron desde las primeras horas de la tarde para dispersar.<\/p>\n\n\n\n<p>En las im\u00e1genes se puede observar c\u00f3mo los efectivos intentaron aplicar el protocolo&nbsp;<strong>antipiquete<\/strong>&nbsp;para las agrupaciones, que no eran multitudinarias, pero que s\u00ed respondieron ante los intentos de las fuerzas federales. En ese marco, las personas afectadas fueron atendidas por personal m\u00e9dico, mientras que un grupo de personas gener\u00f3 m\u00e1s disturbios:&nbsp;<strong>prendieron fuego a basura en la calle<\/strong>.<\/p>\n\n\n\n<p>Desde un primer momento, algunos manifestantes<strong>\u00a0comenzaron a lanzar botellas y palos<\/strong>\u00a0a la Polic\u00eda, y luego\u00a0<strong>intentaron tirar una de las vallas<\/strong>. Si bien en un primer momento no respondieron las fuerzas, luego\u00a0<strong>actu\u00f3 un cami\u00f3n hidrante<\/strong>.<\/p>\n\n\n\n<p>La intenci\u00f3n de lanzar agua es para que se alejen de las vallas y no se generen conflictos cuerpo a cuerpo. De momento,\u00a0<strong>algunos se refugian en una bandera de Argentina<\/strong>. Mientras que otros cantan \u201cla patria no se vende\u201d.<\/p>\n\n\n\n<p>Justamente, mientras hab\u00eda enfrentamientos entre los efectivos federales, la\u00a0<strong>Polic\u00eda de la Ciudad<\/strong>\u00a0bloque\u00f3 las arterias laterales que permiten evacuar la\u00a0<strong>Plaza Congreso<\/strong>. Los efectivos alegan \u201crazones de orden p\u00fablico\u201d y no ofrecen indicaciones sobre qu\u00e9 v\u00edas alternativas se pueden tomar para salir.<\/p>\n\n\n\n<p>Permanec\u00edan cerradas\u00a0<strong>Rodr\u00edguez Pe\u00f1a<\/strong>\u00a0y\u00a0<strong>Montevideo<\/strong>, ambas cerca de\u00a0<strong>Bartolom\u00e9 Mitre<\/strong>, as\u00ed como tambi\u00e9n\u00a0<strong>Paran\u00e1, Uruguay y Rivadavia<\/strong>. No se puede cambiar de direcci\u00f3n, solamente permiten caminar en l\u00ednea recta, por lo que se complica la evacuaci\u00f3n de quien quiera irse de Congreso.<\/p>\n\n\n\n<p>La fuerza porte\u00f1a incluso dispuso un cami\u00f3n de Infanter\u00eda y varias motos en esos cortes. Un oficial dijo a Infobae: \u201c<strong>Es por razones de orden p\u00fablico<\/strong>\u201d. Ni \u00e9l ni otros tres oficiales supieron indicar cu\u00e1l era la v\u00eda de evacuaci\u00f3n habilitada.<\/p>\n\n\n\n<p>En la manifestaci\u00f3n, se vieron afiches que ten\u00edan leyendas como: \u201cNo al banco de horas\u201d, \u201cNo a las vacaciones fraccionadas\u201d, \u201cNo a los descuentos en la licencia por enfermedad\u201d, \u201cNo a las 12 horas de jornada laboral\u201d y, en mayor presencia,&nbsp;<strong>\u201cNo a la reforma laboral esclavista\u201d<\/strong>.<\/p>\n\n\n\n<p>Tambi\u00e9n se exhiben fotograf\u00edas de varios de los principales l\u00edderes sindicales de&nbsp;<strong>Argentina<\/strong>:&nbsp;<strong>Hugo Moyano<\/strong>,&nbsp;<strong>Gerardo Mart\u00ednez<\/strong>,&nbsp;<strong>Carlos Acu\u00f1a<\/strong>,&nbsp;<strong>Andr\u00e9s Rodr\u00edguez<\/strong>&nbsp;y&nbsp;<strong>Octavio Arg\u00fcello<\/strong>. En todas ellas, sus rostros muestran los ojos tachados, manchas de sangre en la boca y cuernos. Todos los carteles llevan la misma consigna:&nbsp;<strong>\u201cTraidor al pueblo trabajador\u201d<\/strong>.<\/p>\n\n\n<div class=\"wp-block-image\">\n<figure class=\"aligncenter size-full\"><img loading=\"lazy\" decoding=\"async\" width=\"523\" height=\"315\" src=\"https:\/\/horapicodigital.com.ar\/wp-content\/uploads\/2026\/02\/Screenshot-2026-02-20-010133.png\" alt=\"\" class=\"wp-image-19335\" srcset=\"https:\/\/horapicodigital.com.ar\/wp-content\/uploads\/2026\/02\/Screenshot-2026-02-20-010133.png 523w, https:\/\/horapicodigital.com.ar\/wp-content\/uploads\/2026\/02\/Screenshot-2026-02-20-010133-300x181.png 300w\" sizes=\"auto, (max-width: 523px) 100vw, 523px\" \/><\/figure>\n<\/div>\n\n\n<p>La ministra de Seguridad,&nbsp;<strong>Alejandra Monteoliva<\/strong>, afirm\u00f3 en el inicio de la manifestaci\u00f3n que el derecho a manifestarse est\u00e1 garantizado siempre que se desarrolle de manera pac\u00edfica. \u201cMarchar en paz es un derecho. La violencia no.&nbsp;<strong>El que quiera manifestarse en paz va a poder hacerlo<\/strong>\u201d, sostuvo.<\/p>\n\n\n\n<p>En esa l\u00ednea, la funcionaria advirti\u00f3 que habr\u00e1 intervenci\u00f3n ante posibles disturbios. \u201cEl que vaya a romper, a generar caos o a atentar contra el orden democr\u00e1tico, va a pagar las consecuencias.&nbsp;<strong>Nuestras Fuerzas est\u00e1n listas y van a actuar<\/strong>\u201d, se\u00f1al\u00f3, y agreg\u00f3 que el objetivo es evitar situaciones de desorden durante la jornada de protesta.<\/p>\n\n\n\n<p>Asimismo, la\u00a0<strong>Asociaci\u00f3n Trabajadores del Estado (ATE)<\/strong>\u00a0anunci\u00f3 que iban a realizar una manifestaci\u00f3n frente al Palacio Legislativo. Tambi\u00e9n se concentraron\u00a0<strong>Frente de Sindicatos Unidos (Fresu)<\/strong>, que agrupa a la\u00a0<strong>UOM<\/strong>,\u00a0<strong>Aceiteros<\/strong>\u00a0y las dos\u00a0<strong>CTA<\/strong>.<\/p>\n\n\n<div class=\"wp-block-image\">\n<figure class=\"aligncenter size-full\"><img loading=\"lazy\" decoding=\"async\" width=\"530\" height=\"284\" src=\"https:\/\/horapicodigital.com.ar\/wp-content\/uploads\/2026\/02\/Screenshot-2026-02-20-010141.png\" alt=\"\" class=\"wp-image-19334\" srcset=\"https:\/\/horapicodigital.com.ar\/wp-content\/uploads\/2026\/02\/Screenshot-2026-02-20-010141.png 530w, https:\/\/horapicodigital.com.ar\/wp-content\/uploads\/2026\/02\/Screenshot-2026-02-20-010141-300x161.png 300w\" sizes=\"auto, (max-width: 530px) 100vw, 530px\" \/><\/figure>\n<\/div>","protected":false},"excerpt":{"rendered":"<p>Diferentes agrupaciones se concentraron en la Plaza de los Dos Congresos para rechazar el proyecto que se trata en la C\u00e1mara de Diputados. La Polic\u00eda lanz\u00f3 gases y detuvo a varios manifestantes tras el enfrentamiento En medio del&nbsp;fuerte debate sobre la reforma laboral&nbsp;que se lleva a cabo en la&nbsp;C\u00e1mara de Diputados, en las afueras del&nbsp;Congreso&nbsp;se [&hellip;]<\/p>\n","protected":false},"author":7,"featured_media":19336,"comment_status":"open","ping_status":"open","sticky":false,"template":"","format":"standard","meta":{"_themeisle_gutenberg_block_has_review":false,"footnotes":""},"categories":[33],"tags":[971,85],"class_list":["post-19333","post","type-post","status-publish","format-standard","has-post-thumbnail","hentry","category-politica","tag-milei","tag-pais"],"_links":{"self":[{"href":"https:\/\/horapicodigital.com.ar\/index.php\/wp-json\/wp\/v2\/posts\/19333","targetHints":{"allow":["GET"]}}],"collection":[{"href":"https:\/\/horapicodigital.com.ar\/index.php\/wp-json\/wp\/v2\/posts"}],"about":[{"href":"https:\/\/horapicodigital.com.ar\/index.php\/wp-json\/wp\/v2\/types\/post"}],"author":[{"embeddable":true,"href":"https:\/\/horapicodigital.com.ar\/index.php\/wp-json\/wp\/v2\/users\/7"}],"replies":[{"embeddable":true,"href":"https:\/\/horapicodigital.com.ar\/index.php\/wp-json\/wp\/v2\/comments?post=19333"}],"version-history":[{"count":1,"href":"https:\/\/horapicodigital.com.ar\/index.php\/wp-json\/wp\/v2\/posts\/19333\/revisions"}],"predecessor-version":[{"id":19337,"href":"https:\/\/horapicodigital.com.ar\/index.php\/wp-json\/wp\/v2\/posts\/19333\/revisions\/19337"}],"wp:featuredmedia":[{"embeddable":true,"href":"https:\/\/horapicodigital.com.ar\/index.php\/wp-json\/wp\/v2\/media\/19336"}],"wp:attachment":[{"href":"https:\/\/horapicodigital.com.ar\/index.php\/wp-json\/wp\/v2\/media?parent=19333"}],"wp:term":[{"taxonomy":"category","embeddable":true,"href":"https:\/\/horapicodigital.com.ar\/index.php\/wp-json\/wp\/v2\/categories?post=19333"},{"taxonomy":"post_tag","embeddable":true,"href":"https:\/\/horapicodigital.com.ar\/index.php\/wp-json\/wp\/v2\/tags?post=19333"}],"curies":[{"name":"wp","href":"https:\/\/api.w.org\/{rel}","templated":true}]}}