{"id":19318,"date":"2026-02-19T00:19:24","date_gmt":"2026-02-19T03:19:24","guid":{"rendered":"https:\/\/horapicodigital.com.ar\/?p=19318"},"modified":"2026-02-19T00:19:25","modified_gmt":"2026-02-19T03:19:25","slug":"reprogramaron-la-entrega-de-cargos-docentes-en-jujuy-por-el-paro-anunciado-por-la-uta","status":"publish","type":"post","link":"https:\/\/horapicodigital.com.ar\/index.php\/2026\/02\/19\/reprogramaron-la-entrega-de-cargos-docentes-en-jujuy-por-el-paro-anunciado-por-la-uta\/","title":{"rendered":"Reprogramaron la entrega de cargos docentes en Jujuy por el paro anunciado por la UTA"},"content":{"rendered":"\n<p>Debido a la medida de fuerza anunciada por el gremio de transporte, la Junta Provincial de Calificaci\u00f3n Docente modific\u00f3 las fechas previstas para esta semana.<\/p>\n\n\n\n<p><a href=\"https:\/\/www.somosjujuy.com.ar\/jujuy\/reprogramaron-entrega-cargos-docentes-jujuy-paro-anunciado-uta-n114071#\"><br><\/a><a href=\"https:\/\/www.somosjujuy.com.ar\/jujuy\/reprogramaron-entrega-cargos-docentes-jujuy-paro-anunciado-uta-n114071#\"><\/a><a href=\"https:\/\/www.somosjujuy.com.ar\/jujuy\/reprogramaron-entrega-cargos-docentes-jujuy-paro-anunciado-uta-n114071#\"><\/a><a href=\"https:\/\/www.somosjujuy.com.ar\/jujuy\/reprogramaron-entrega-cargos-docentes-jujuy-paro-anunciado-uta-n114071#\"><\/a><\/p>\n\n\n\n<p>El&nbsp;<strong>Ministerio de Educaci\u00f3n de Jujuy<\/strong>, a trav\u00e9s de la Sala Inicial y Sala Primaria de la&nbsp;<strong>Junta Provincial de Calificaci\u00f3n Docente<\/strong>, inform\u00f3 la&nbsp;<strong>reprogramaci\u00f3n de la Instancia General de Ofrecimiento de cargos vacantes<\/strong>. La decisi\u00f3n se tom\u00f3 a ra\u00edz del paro de transporte anunciado por la Uni\u00f3n Tranviarios Automotor (UTA), que dificulta el traslado de los docentes.<\/p>\n\n\n\n<p>Seg\u00fan el comunicado oficial, el cronograma de actividades sufri\u00f3 un corrimiento para garantizar la participaci\u00f3n de los interesados en los cargos de Nivel Inicial y Nivel Primario.<\/p>\n\n\n\n<h3 class=\"wp-block-heading\"><strong>Nuevas fechas para los ofrecimientos<\/strong><\/h3>\n\n\n\n<p>Las autoridades educativas confirmaron que se respetar\u00e1n los&nbsp;<strong>horarios y lugares fijados<\/strong>&nbsp;originalmente, aplicando el siguiente esquema de fechas:<\/p>\n\n\n\n<ul class=\"wp-block-list\">\n<li>Los cargos previstos para el\u00a0<strong>jueves 19<\/strong>\u00a0se trasladan al\u00a0<strong>viernes 20<\/strong>.<\/li>\n\n\n\n<li>Los cargos previstos para el\u00a0<strong>viernes 20<\/strong>\u00a0se llevar\u00e1n a cabo el\u00a0<strong>lunes 23<\/strong>.<\/li>\n<\/ul>\n\n\n\n<p>Desde el organismo aclararon que, a partir de estos cambios, se proceder\u00e1 sucesivamente al corrimiento de las fechas restantes del calendario de entrega. El comunicado, emitido este 18 de febrero, lleva la firma de los vocales titulares de la Sala Inicial y Sala Primaria<\/p>\n\n\n\n<p><\/p>\n","protected":false},"excerpt":{"rendered":"<p>Debido a la medida de fuerza anunciada por el gremio de transporte, la Junta Provincial de Calificaci\u00f3n Docente modific\u00f3 las fechas previstas para esta semana. El&nbsp;Ministerio de Educaci\u00f3n de Jujuy, a trav\u00e9s de la Sala Inicial y Sala Primaria de la&nbsp;Junta Provincial de Calificaci\u00f3n Docente, inform\u00f3 la&nbsp;reprogramaci\u00f3n de la Instancia General de Ofrecimiento de cargos [&hellip;]<\/p>\n","protected":false},"author":7,"featured_media":19319,"comment_status":"open","ping_status":"open","sticky":false,"template":"","format":"standard","meta":{"_themeisle_gutenberg_block_has_review":false,"footnotes":""},"categories":[248],"tags":[58],"class_list":["post-19318","post","type-post","status-publish","format-standard","has-post-thumbnail","hentry","category-educacion","tag-jujuy"],"_links":{"self":[{"href":"https:\/\/horapicodigital.com.ar\/index.php\/wp-json\/wp\/v2\/posts\/19318","targetHints":{"allow":["GET"]}}],"collection":[{"href":"https:\/\/horapicodigital.com.ar\/index.php\/wp-json\/wp\/v2\/posts"}],"about":[{"href":"https:\/\/horapicodigital.com.ar\/index.php\/wp-json\/wp\/v2\/types\/post"}],"author":[{"embeddable":true,"href":"https:\/\/horapicodigital.com.ar\/index.php\/wp-json\/wp\/v2\/users\/7"}],"replies":[{"embeddable":true,"href":"https:\/\/horapicodigital.com.ar\/index.php\/wp-json\/wp\/v2\/comments?post=19318"}],"version-history":[{"count":1,"href":"https:\/\/horapicodigital.com.ar\/index.php\/wp-json\/wp\/v2\/posts\/19318\/revisions"}],"predecessor-version":[{"id":19320,"href":"https:\/\/horapicodigital.com.ar\/index.php\/wp-json\/wp\/v2\/posts\/19318\/revisions\/19320"}],"wp:featuredmedia":[{"embeddable":true,"href":"https:\/\/horapicodigital.com.ar\/index.php\/wp-json\/wp\/v2\/media\/19319"}],"wp:attachment":[{"href":"https:\/\/horapicodigital.com.ar\/index.php\/wp-json\/wp\/v2\/media?parent=19318"}],"wp:term":[{"taxonomy":"category","embeddable":true,"href":"https:\/\/horapicodigital.com.ar\/index.php\/wp-json\/wp\/v2\/categories?post=19318"},{"taxonomy":"post_tag","embeddable":true,"href":"https:\/\/horapicodigital.com.ar\/index.php\/wp-json\/wp\/v2\/tags?post=19318"}],"curies":[{"name":"wp","href":"https:\/\/api.w.org\/{rel}","templated":true}]}}