{"id":19090,"date":"2026-02-05T01:02:55","date_gmt":"2026-02-05T04:02:55","guid":{"rendered":"https:\/\/horapicodigital.com.ar\/?p=19090"},"modified":"2026-02-05T01:02:56","modified_gmt":"2026-02-05T04:02:56","slug":"doce-meses-de-tratamiento-hablo-la-mama-del-nene-al-que-le-descubrieron-un-cancer-avanzado-en-florianopolis","status":"publish","type":"post","link":"https:\/\/horapicodigital.com.ar\/index.php\/2026\/02\/05\/doce-meses-de-tratamiento-hablo-la-mama-del-nene-al-que-le-descubrieron-un-cancer-avanzado-en-florianopolis\/","title":{"rendered":"\u201cDoce meses de tratamiento\u201d: habl\u00f3 la mam\u00e1 del nene al que le descubrieron un c\u00e1ncer avanzado en Florian\u00f3polis"},"content":{"rendered":"\n<p>Mar\u00eda de los \u00c1ngeles Sol\u00eds, madre de Felipe, cont\u00f3 c\u00f3mo continuar\u00e1 la recuperaci\u00f3n del menor que fue trasladado al Hospital Garrahan. Los estudios revelaron que el ni\u00f1o tiene un neuroblastoma.<\/p>\n\n\n\n<p>La historia de\u00a0<strong>Felipe<\/strong>, el nene de dos a\u00f1os al que le\u00a0descubrieron un c\u00e1ncer avanzado mientras estaba de vacaciones en\u00a0<strong>Florian\u00f3polis<\/strong>, empieza a ver una luz al final del t\u00fanel. Ayer logr\u00f3 ser\u00a0trasladado al\u00a0<strong>Hospital Garrahan<\/strong>, donde continuar\u00e1 con su tratamiento, y la familia revel\u00f3 qu\u00e9 es lo que esperan de ac\u00e1 en adelante.<\/p>\n\n\n\n<p><strong>Mar\u00eda de los \u00c1ngeles Sol\u00eds<\/strong>, la mam\u00e1 del menor, public\u00f3 una serie de videos en sus redes sociales, donde adelant\u00f3 c\u00f3mo es el proceso que se viene, como tambi\u00e9n dejaron en claro que suspendieron todas las colectas que ten\u00edan activas.<\/p>\n\n\n\n<p>\u00abEstoy muy agradecida por todas las oraciones, por la preocupaci\u00f3n de todos, por la cantidad de mensajes y de cadenas de oraci\u00f3n que tengo por mi beb\u00e9, que es lo \u00fanico que vamos a seguir necesitando a partir de ahora. Ya estamos ac\u00e1, estamos cubiertos con la obra social, que estamos muy agradecidos, por ustedes, as\u00ed Felipe pudo tener ese avi\u00f3n sanitario y poder estar ac\u00e1 ya en Buenos Aires\u00bb, se\u00f1al\u00f3 la madre del menor.<\/p>\n\n\n\n<p>Y agreg\u00f3: \u201c\u00c9l lleg\u00f3 estable. Es un guerrero, mi gordo, lo admiro con todas mis fuerzas. Solo pedirles, gente, que recen, que nos den fuerza para poder afrontar este tratamiento, que es largo, no es f\u00e1cil\u201d.<\/p>\n\n\n\n<p>La historia de Felipe se conoci\u00f3 en los \u00faltimos d\u00edas despu\u00e9s de que su familia comenz\u00f3 con una campa\u00f1a para poder conseguir un transporte sanitario que lleve al ni\u00f1o desde la ciudad balnearia brasile\u00f1a hasta Buenos Aires.<\/p>\n\n\n\n<p>Todo comenz\u00f3 el pasado 24 de enero cuando el pap\u00e1 del ni\u00f1o,\u00a0<strong>Iv\u00e1n<\/strong>, viaj\u00f3 junto a sus dos hijos desde Resistencia hasta Florian\u00f3polis para pasar unos d\u00edas de descanso en la costa brasile\u00f1a. De camino, Felipe mostr\u00f3 rechazo a la comida, a excepci\u00f3n del helado, y falta de energ\u00eda. Al llegar, los s\u00edntomas empeoraron:\u00a0<strong>irritabilidad, inapetencia y estre\u00f1imiento persistente<\/strong>. Fue atendido primero en la\u00a0<strong>Unidad de Pronto Atendimento<\/strong>, donde atribuyeron el cuadro a un problema gastrointestinal,\u00a0<strong>pero ante la falta de mejor\u00eda, una radiograf\u00eda evidenci\u00f3 una \u201cmancha negra\u201d en el abdomen atribuida inicialmente a materia fecal retenida.<\/strong><\/p>\n\n\n\n<p>El m\u00e9dico de guardia, al no quedar conforme con ese diagn\u00f3stico, recomend\u00f3 estudios de mayor complejidad en el&nbsp;<strong>Hospital Infantil Joana de Gusm\u00e3o,&nbsp;<\/strong>situado en el barrio Agron\u00f3mica, a 24 kil\u00f3metros de la playa donde la familia esperaba disfrutar de unas vacaciones. All\u00ed, los an\u00e1lisis revelaron la presencia de una \u201cmancha\u201d en el t\u00f3rax; sospecharon neumon\u00eda y decidieron internar a Felipe junto a su padre. Esa misma noche,&nbsp;<strong>ambos pasaron a terapia intensiva por la sospecha de un tumor tor\u00e1cico<\/strong>.<\/p>\n\n\n\n<p>Finalmente, descubrieron&nbsp;<strong>varios tumores en el t\u00f3rax, en la m\u00e9dula espinal y en los huesos orbitales<\/strong>. Uno de ellos, en la m\u00e9dula, fue identificado como neuroblastoma, una patolog\u00eda que afecta principalmente a menores de cinco a\u00f1os.<\/p>\n\n\n\n<p>El&nbsp;<strong>neuroblastoma<\/strong>&nbsp;es un tumor maligno y de r\u00e1pido desarrollo, que es conocido como uno de los tumores s\u00f3lidos m\u00e1s frecuentes en la infancia. Se origina en las c\u00e9lulas nerviosas inmaduras del sistema nervioso simp\u00e1tico, con mayor frecuencia en las gl\u00e1ndulas suprarrenales, aunque puede desarrollarse tambi\u00e9n en el abdomen, el cuello, el t\u00f3rax o la pelvis.<\/p>\n","protected":false},"excerpt":{"rendered":"<p>Mar\u00eda de los \u00c1ngeles Sol\u00eds, madre de Felipe, cont\u00f3 c\u00f3mo continuar\u00e1 la recuperaci\u00f3n del menor que fue trasladado al Hospital Garrahan. Los estudios revelaron que el ni\u00f1o tiene un neuroblastoma. La historia de\u00a0Felipe, el nene de dos a\u00f1os al que le\u00a0descubrieron un c\u00e1ncer avanzado mientras estaba de vacaciones en\u00a0Florian\u00f3polis, empieza a ver una luz al [&hellip;]<\/p>\n","protected":false},"author":7,"featured_media":19091,"comment_status":"open","ping_status":"open","sticky":false,"template":"","format":"standard","meta":{"_themeisle_gutenberg_block_has_review":false,"footnotes":""},"categories":[11,118],"tags":[58,85],"class_list":["post-19090","post","type-post","status-publish","format-standard","has-post-thumbnail","hentry","category-salud","category-sociedad","tag-jujuy","tag-pais"],"_links":{"self":[{"href":"https:\/\/horapicodigital.com.ar\/index.php\/wp-json\/wp\/v2\/posts\/19090","targetHints":{"allow":["GET"]}}],"collection":[{"href":"https:\/\/horapicodigital.com.ar\/index.php\/wp-json\/wp\/v2\/posts"}],"about":[{"href":"https:\/\/horapicodigital.com.ar\/index.php\/wp-json\/wp\/v2\/types\/post"}],"author":[{"embeddable":true,"href":"https:\/\/horapicodigital.com.ar\/index.php\/wp-json\/wp\/v2\/users\/7"}],"replies":[{"embeddable":true,"href":"https:\/\/horapicodigital.com.ar\/index.php\/wp-json\/wp\/v2\/comments?post=19090"}],"version-history":[{"count":1,"href":"https:\/\/horapicodigital.com.ar\/index.php\/wp-json\/wp\/v2\/posts\/19090\/revisions"}],"predecessor-version":[{"id":19092,"href":"https:\/\/horapicodigital.com.ar\/index.php\/wp-json\/wp\/v2\/posts\/19090\/revisions\/19092"}],"wp:featuredmedia":[{"embeddable":true,"href":"https:\/\/horapicodigital.com.ar\/index.php\/wp-json\/wp\/v2\/media\/19091"}],"wp:attachment":[{"href":"https:\/\/horapicodigital.com.ar\/index.php\/wp-json\/wp\/v2\/media?parent=19090"}],"wp:term":[{"taxonomy":"category","embeddable":true,"href":"https:\/\/horapicodigital.com.ar\/index.php\/wp-json\/wp\/v2\/categories?post=19090"},{"taxonomy":"post_tag","embeddable":true,"href":"https:\/\/horapicodigital.com.ar\/index.php\/wp-json\/wp\/v2\/tags?post=19090"}],"curies":[{"name":"wp","href":"https:\/\/api.w.org\/{rel}","templated":true}]}}