{"id":18976,"date":"2026-02-01T00:10:56","date_gmt":"2026-02-01T03:10:56","guid":{"rendered":"https:\/\/horapicodigital.com.ar\/?p=18976"},"modified":"2026-02-01T00:10:57","modified_gmt":"2026-02-01T03:10:57","slug":"enero-termina-con-alerta-por-tormentas-en-jujuy-lluvias-intensas-y-fuerte-inestabilidad","status":"publish","type":"post","link":"https:\/\/horapicodigital.com.ar\/index.php\/2026\/02\/01\/enero-termina-con-alerta-por-tormentas-en-jujuy-lluvias-intensas-y-fuerte-inestabilidad\/","title":{"rendered":"Enero termina con alerta por tormentas en Jujuy: lluvias intensas y fuerte inestabilidad"},"content":{"rendered":"\n<p>Enero termina con una alerta amarilla por tormentas emitida por el Servicio Meteorol\u00f3gico Nacional, que anticipa lluvias intensas, actividad el\u00e9ctrica, granizo posible y r\u00e1fagas de viento en varias regiones de la provincia.<\/p>\n\n\n\n<p><strong>Cierra enero con alertas amarillas vigentes por tormentas y fuertes lluvias<\/strong>, una constante que marc\u00f3 pr\u00e1cticamente todo el mes y mantuvo inestable el clima en gran parte del territorio.<\/p>\n\n\n\n<p>Desde los primeros d\u00edas de 2026,\u00a0<strong>el Servicio Meteorol\u00f3gico Nacional (SMN) emiti\u00f3 repetidas advertencias por tormentas<\/strong>, precipitaciones intensas, r\u00e1fagas de viento, actividad el\u00e9ctrica y granizo en distintos momentos del mes, afectando tanto a la capital juje\u00f1a como a otras localidades y regiones de la provincia.<\/p>\n\n\n\n<p>Estas condiciones se dieron en pleno verano juje\u00f1o, \u00e9poca en la que tradicionalmente la provincia registra sus mayores precipitaciones del a\u00f1o:<strong>&nbsp;enero es el mes con m\u00e1s lluvias promedio, acumulando alrededor de 154 mm<\/strong>, con lluvias presentes en m\u00e1s de 25 d\u00edas del mes seg\u00fan datos clim\u00e1ticos hist\u00f3ricos para la provincia de Jujuy.<\/p>\n\n\n\n<p><strong>La persistencia de las tormentas y las precipitaciones abundantes trajo consigo inestabilidad en rutas<\/strong>, aumento de caudales en arroyos y cierta saturaci\u00f3n de suelos en zonas rurales y urbanas. Las autoridades meteorol\u00f3gicas y de Protecci\u00f3n Civil han recomendado precauci\u00f3n a conductores y vecinos, especialmente en horas de tarde y noche cuando las tormentas se tornan m\u00e1s intensas.<\/p>\n\n\n\n<p>En cuanto a la capital provincial,\u00a0<strong>San Salvador de Jujuy tuvo temperaturas m\u00e1ximas que oscilaron entre los 24 \u00b0C y 28 \u00b0C,<\/strong>\u00a0con alta humedad relativa superior al 70 % y precipitaciones casi diarias en varios periodos del mes.<strong>\u00a0Para los pr\u00f3ximos d\u00edas, el pron\u00f3stico extendido mantiene cielos mayormente nublados y lluvia moderada a intensa<\/strong>, con temperaturas que se mantendr\u00e1n dentro del rango veraniego t\u00edpico, aunque con marcado aumento de la inestabilidad.<\/p>\n\n\n\n<p><strong>El Servicio Meteorol\u00f3gico Nacional (SMN) mantiene alerta amarilla por tormentas fuertes en toda la provincia de Jujuy<\/strong>, con vigencia extendida hasta el domingo 1 de febrero.<\/p>\n\n\n\n<p>La advertencia indica que&nbsp;<strong>se esperan tormentas con abundante lluvia en cortos per\u00edodos, r\u00e1fagas intensas, actividad el\u00e9ctrica y posible ca\u00edda de granizo,<\/strong>&nbsp;con acumulados de precipitaci\u00f3n que pueden superar los 20-40 mm de manera localizada.<\/p>\n\n\n\n<p>Ante este escenario inestable,&nbsp;<strong>se recomienda circular con precauci\u00f3n en rutas y caminos<\/strong>, evitar actividades al aire libre en momentos de tormenta y mantenerse atento a las actualizaciones del SMN.<\/p>\n\n\n\n<h2 class=\"wp-block-heading\">Contactos de emergencias en Jujuy: tel\u00e9fonos \u00fatiles<\/h2>\n\n\n\n<p>Se recomienda a la poblaci\u00f3n agendar estos n\u00fameros para un acceso r\u00e1pido ante cualquier situaci\u00f3n de riesgo:<\/p>\n\n\n\n<ul class=\"wp-block-list\">\n<li><strong>SAME:<\/strong>\u00a0107 o 0388-4221431<\/li>\n\n\n\n<li><strong>Polic\u00eda:<\/strong>\u00a0911 o 101<\/li>\n\n\n\n<li><strong>Bomberos:<\/strong>\u00a0100<\/li>\n\n\n\n<li><strong>Defensa Civil:<\/strong>\u00a0103 \/ 388-4231368 \/ 388-4238616 \/ 388-4223272<\/li>\n\n\n\n<li><strong>Recursos H\u00eddricos:<\/strong>\u00a0388-422-1435 \/ 36 \/ 37<\/li>\n\n\n\n<li><strong>Agua Potable S.E.:<\/strong>\u00a00800-444-26337\n<ul class=\"wp-block-list\">\n<li>WhatsApp: 388-4614173<\/li>\n<\/ul>\n<\/li>\n<\/ul>\n","protected":false},"excerpt":{"rendered":"<p>Enero termina con una alerta amarilla por tormentas emitida por el Servicio Meteorol\u00f3gico Nacional, que anticipa lluvias intensas, actividad el\u00e9ctrica, granizo posible y r\u00e1fagas de viento en varias regiones de la provincia. Cierra enero con alertas amarillas vigentes por tormentas y fuertes lluvias, una constante que marc\u00f3 pr\u00e1cticamente todo el mes y mantuvo inestable el [&hellip;]<\/p>\n","protected":false},"author":7,"featured_media":18977,"comment_status":"open","ping_status":"open","sticky":false,"template":"","format":"standard","meta":{"_themeisle_gutenberg_block_has_review":false,"footnotes":""},"categories":[2711],"tags":[58],"class_list":["post-18976","post","type-post","status-publish","format-standard","has-post-thumbnail","hentry","category-clima","tag-jujuy"],"_links":{"self":[{"href":"https:\/\/horapicodigital.com.ar\/index.php\/wp-json\/wp\/v2\/posts\/18976","targetHints":{"allow":["GET"]}}],"collection":[{"href":"https:\/\/horapicodigital.com.ar\/index.php\/wp-json\/wp\/v2\/posts"}],"about":[{"href":"https:\/\/horapicodigital.com.ar\/index.php\/wp-json\/wp\/v2\/types\/post"}],"author":[{"embeddable":true,"href":"https:\/\/horapicodigital.com.ar\/index.php\/wp-json\/wp\/v2\/users\/7"}],"replies":[{"embeddable":true,"href":"https:\/\/horapicodigital.com.ar\/index.php\/wp-json\/wp\/v2\/comments?post=18976"}],"version-history":[{"count":1,"href":"https:\/\/horapicodigital.com.ar\/index.php\/wp-json\/wp\/v2\/posts\/18976\/revisions"}],"predecessor-version":[{"id":18978,"href":"https:\/\/horapicodigital.com.ar\/index.php\/wp-json\/wp\/v2\/posts\/18976\/revisions\/18978"}],"wp:featuredmedia":[{"embeddable":true,"href":"https:\/\/horapicodigital.com.ar\/index.php\/wp-json\/wp\/v2\/media\/18977"}],"wp:attachment":[{"href":"https:\/\/horapicodigital.com.ar\/index.php\/wp-json\/wp\/v2\/media?parent=18976"}],"wp:term":[{"taxonomy":"category","embeddable":true,"href":"https:\/\/horapicodigital.com.ar\/index.php\/wp-json\/wp\/v2\/categories?post=18976"},{"taxonomy":"post_tag","embeddable":true,"href":"https:\/\/horapicodigital.com.ar\/index.php\/wp-json\/wp\/v2\/tags?post=18976"}],"curies":[{"name":"wp","href":"https:\/\/api.w.org\/{rel}","templated":true}]}}