{"id":18787,"date":"2026-01-26T22:44:40","date_gmt":"2026-01-27T01:44:40","guid":{"rendered":"https:\/\/horapicodigital.com.ar\/?p=18787"},"modified":"2026-01-26T22:44:41","modified_gmt":"2026-01-27T01:44:41","slug":"educacion-define-junto-a-docentes-rurales-lineamientos-de-contingencia-para-el-periodo-escolar-especial","status":"publish","type":"post","link":"https:\/\/horapicodigital.com.ar\/index.php\/2026\/01\/26\/educacion-define-junto-a-docentes-rurales-lineamientos-de-contingencia-para-el-periodo-escolar-especial\/","title":{"rendered":"Educaci\u00f3n define junto a docentes rurales lineamientos de contingencia para el Per\u00edodo Escolar Especial"},"content":{"rendered":"\n<p>La ministra Daniela Teseira y autoridades de la cartera se reunieron con docentes y directivos de instituciones de Educaci\u00f3n Inicial, Primaria y Secundaria.<\/p>\n\n\n\n<p>La ministra de<strong>\u00a0Educaci\u00f3n<\/strong>, Daniela Teseira, encabez\u00f3 una reuni\u00f3n de trabajo con\u00a0<strong>docentes rurales<\/strong>\u00a0que se desempe\u00f1an en el Per\u00edodo Escolar Especial, con el objetivo de<strong>\u00a0avanzar en un plan de contingencia\u00a0<\/strong>frente a las dificultades debido a las inclemencias clim\u00e1ticas y la imposibilidad de llegar a zonas de dif\u00edcil acceso.<\/p>\n\n\n\n<p>El encuentro se realiz\u00f3 este lunes 26 de enero en el Bachillerato Provincial N\u00b06 \u201cIslas Malvinas\u201d, con la participaci\u00f3n de directivos y docentes de instituciones de Educaci\u00f3n Inicial, Primaria y Secundaria.<\/p>\n\n\n\n<h2 class=\"wp-block-heading\">Avanza la definici\u00f3n de un plan de contingencia para escuelas rurales<\/h2>\n\n\n\n<p>Durante la jornada se trabaj\u00f3 en la necesidad de<strong>&nbsp;aunar criterios y establecer lineamientos comunes<\/strong>&nbsp;que permitan garantizar las condiciones de seguridad en el traslado de los docentes, as\u00ed como el normal dictado de clases y la continuidad pedag\u00f3gica, contemplando la diversidad de contextos y las particularidades del territorio.<\/p>\n\n\n\n<p>En ese marco, se abordaron<strong>&nbsp;ejes vinculados a transporte, conectividad y lineamentos pedag\u00f3gicos<\/strong>, para la elaboraci\u00f3n de un plan por nivel y zona geogr\u00e1fica, que permita dar respuestas concretas seg\u00fan las condiciones de cada regi\u00f3n. Adem\u00e1s, se propuso fortalecer la articulaci\u00f3n entre niveles y el cumplimiento de la carga horaria real frente a los estudiantes, sosteniendo las trayectorias escolares en cada comunidad educativa.&nbsp;<\/p>\n\n\n\n<p>Acompa\u00f1aron a la ministra, la secretaria de Gesti\u00f3n Educativa, Carolina Requelme; las directoras de Educaci\u00f3n Inicial, Primaria y Secundaria, Carolina Lui Saravia, Viviana Villegas y Silvia Jerez, respectivamente; supervisores, equipos t\u00e9cnicos y el coordinador general de Regiones Educativas, Iv\u00e1n Anastas\u00eda, quienes aportaron miradas y definiciones para un abordaje integral en territorio.<\/p>\n","protected":false},"excerpt":{"rendered":"<p>La ministra Daniela Teseira y autoridades de la cartera se reunieron con docentes y directivos de instituciones de Educaci\u00f3n Inicial, Primaria y Secundaria. La ministra de\u00a0Educaci\u00f3n, Daniela Teseira, encabez\u00f3 una reuni\u00f3n de trabajo con\u00a0docentes rurales\u00a0que se desempe\u00f1an en el Per\u00edodo Escolar Especial, con el objetivo de\u00a0avanzar en un plan de contingencia\u00a0frente a las dificultades debido [&hellip;]<\/p>\n","protected":false},"author":7,"featured_media":18788,"comment_status":"open","ping_status":"open","sticky":false,"template":"","format":"standard","meta":{"_themeisle_gutenberg_block_has_review":false,"footnotes":""},"categories":[248],"tags":[58],"class_list":["post-18787","post","type-post","status-publish","format-standard","has-post-thumbnail","hentry","category-educacion","tag-jujuy"],"_links":{"self":[{"href":"https:\/\/horapicodigital.com.ar\/index.php\/wp-json\/wp\/v2\/posts\/18787","targetHints":{"allow":["GET"]}}],"collection":[{"href":"https:\/\/horapicodigital.com.ar\/index.php\/wp-json\/wp\/v2\/posts"}],"about":[{"href":"https:\/\/horapicodigital.com.ar\/index.php\/wp-json\/wp\/v2\/types\/post"}],"author":[{"embeddable":true,"href":"https:\/\/horapicodigital.com.ar\/index.php\/wp-json\/wp\/v2\/users\/7"}],"replies":[{"embeddable":true,"href":"https:\/\/horapicodigital.com.ar\/index.php\/wp-json\/wp\/v2\/comments?post=18787"}],"version-history":[{"count":1,"href":"https:\/\/horapicodigital.com.ar\/index.php\/wp-json\/wp\/v2\/posts\/18787\/revisions"}],"predecessor-version":[{"id":18789,"href":"https:\/\/horapicodigital.com.ar\/index.php\/wp-json\/wp\/v2\/posts\/18787\/revisions\/18789"}],"wp:featuredmedia":[{"embeddable":true,"href":"https:\/\/horapicodigital.com.ar\/index.php\/wp-json\/wp\/v2\/media\/18788"}],"wp:attachment":[{"href":"https:\/\/horapicodigital.com.ar\/index.php\/wp-json\/wp\/v2\/media?parent=18787"}],"wp:term":[{"taxonomy":"category","embeddable":true,"href":"https:\/\/horapicodigital.com.ar\/index.php\/wp-json\/wp\/v2\/categories?post=18787"},{"taxonomy":"post_tag","embeddable":true,"href":"https:\/\/horapicodigital.com.ar\/index.php\/wp-json\/wp\/v2\/tags?post=18787"}],"curies":[{"name":"wp","href":"https:\/\/api.w.org\/{rel}","templated":true}]}}