{"id":18648,"date":"2026-01-18T07:06:56","date_gmt":"2026-01-18T10:06:56","guid":{"rendered":"https:\/\/horapicodigital.com.ar\/?p=18648"},"modified":"2026-01-18T07:06:57","modified_gmt":"2026-01-18T10:06:57","slug":"verano-2026-en-jujuy-importante-movimiento-en-la-terminal-durante-la-primera-quincena-de-enero","status":"publish","type":"post","link":"https:\/\/horapicodigital.com.ar\/index.php\/2026\/01\/18\/verano-2026-en-jujuy-importante-movimiento-en-la-terminal-durante-la-primera-quincena-de-enero\/","title":{"rendered":"Verano 2026 en Jujuy: importante movimiento en la Terminal durante la primera quincena de enero"},"content":{"rendered":"\n<p>La temporada arranc\u00f3 con todo y desde la Terminal confirman que este enero supera ampliamente al mismo mes del a\u00f1o pasado.<\/p>\n\n\n\n<p>La temporada de verano 2026 arranc\u00f3 con n\u00fameros m\u00e1s que positivos para la provincia. En un recorrido por la&nbsp;<strong>oficina de informaci\u00f3n tur\u00edstica de la Terminal de \u00d3mnibus<\/strong>, la cara visible que recibe a los viajeros, el movimiento es incesante y marca una clara diferencia respecto a lo que fue el inicio del 2025.<\/p>\n\n\n\n<p><strong>Gabriel Walter P\u00e9rez<\/strong>, quien trabaja brindando servicio en dicha oficina dependiente de la Municipalidad, confirm\u00f3 el buen momento que atraviesa el sector: \u201cEste a\u00f1o hubo mucho turismo, especialmente de Buenos Aires, C\u00f3rdoba y Tucum\u00e1n; mucho m\u00e1s que en enero de 2025\u201d, asegur\u00f3.<\/p>\n\n\n\n<p>Haciendo una comparaci\u00f3n con la temporada anterior, P\u00e9rez record\u00f3 que el a\u00f1o pasado fue \u00abmuy tranquilo\u00bb en general. Sin embargo, este 2026 la realidad es otra. \u201cEste a\u00f1o hay mucha m\u00e1s afluencia tur\u00edstica, m\u00e1s nacional que internacional. Se nota en la cantidad de personas que llegan a la oficina buscando asesoramiento\u201d, explic\u00f3.<\/p>\n\n\n\n<h2 class=\"wp-block-heading\"><strong>El fen\u00f3meno del Carnaval y las regiones m\u00e1s elegidas<\/strong><\/h2>\n\n\n\n<p>Aunque falta para febrero, el clima festivo ya se siente. Seg\u00fan indicaron desde la Direcci\u00f3n de Turismo, las consultas telef\u00f3nicas por hospedajes para el&nbsp;<strong>Carnaval de Ciudad Cultural<\/strong>&nbsp;y el&nbsp;<strong>Carnaval de la Quebrada de Humahuaca&nbsp;<\/strong>no paran de llegar. Como ya es costumbre, el norte de Jujuy sigue siendo el destino masivo por excelencia, aunque otras regiones ganan terreno.<\/p>\n\n\n\n<p>\u201cBrindamos informaci\u00f3n de los circuitos de las cuatro regiones: Yungas, Valles, Quebrada y Puna. Sabemos que la Quebrada es el destino m\u00e1s elegido, pero las&nbsp;<strong>Yungas han tomado una relevancia muy grande<\/strong>&nbsp;en estos \u00faltimos a\u00f1os para el turismo\u201d, destac\u00f3 P\u00e9rez.<\/p>\n\n\n\n<h2 class=\"wp-block-heading\"><strong>Atenci\u00f3n personalizada y horarios<\/strong><\/h2>\n\n\n\n<p>En la oficina de la Terminal, el equipo se encarga de recomendar lugares, brindar horarios de colectivos y asesorar sobre transportes y hospedajes, que son las preguntas m\u00e1s frecuentes.<\/p>\n\n\n\n<p>\u201cDesde la Direcci\u00f3n de Turismo de la ciudad no solo damos informaci\u00f3n, sino que tenemos la empat\u00eda de recomendarles lo mejor a quienes nos visitan y brindarles la mejor atenci\u00f3n posible\u201d, concluy\u00f3 Walter P\u00e9rez.<\/p>\n\n\n\n<p>Para todos aquellos que necesiten asesoramiento, la oficina de la Terminal de \u00d3mnibus mantiene sus puertas abiertas en horarios extendidos durante esta temporada alta:<\/p>\n\n\n\n<ul class=\"wp-block-list\">\n<li><strong>Lunes a viernes:<\/strong>\u00a0de 7 a 20 hs.<\/li>\n\n\n\n<li><strong>S\u00e1bados y domingos:<\/strong>\u00a0de 7 a 22 hs.<\/li>\n<\/ul>\n","protected":false},"excerpt":{"rendered":"<p>La temporada arranc\u00f3 con todo y desde la Terminal confirman que este enero supera ampliamente al mismo mes del a\u00f1o pasado. La temporada de verano 2026 arranc\u00f3 con n\u00fameros m\u00e1s que positivos para la provincia. En un recorrido por la&nbsp;oficina de informaci\u00f3n tur\u00edstica de la Terminal de \u00d3mnibus, la cara visible que recibe a los [&hellip;]<\/p>\n","protected":false},"author":7,"featured_media":18649,"comment_status":"open","ping_status":"open","sticky":false,"template":"","format":"standard","meta":{"_themeisle_gutenberg_block_has_review":false,"footnotes":""},"categories":[6,1848],"tags":[],"class_list":["post-18648","post","type-post","status-publish","format-standard","has-post-thumbnail","hentry","category-economia","category-turismo"],"_links":{"self":[{"href":"https:\/\/horapicodigital.com.ar\/index.php\/wp-json\/wp\/v2\/posts\/18648","targetHints":{"allow":["GET"]}}],"collection":[{"href":"https:\/\/horapicodigital.com.ar\/index.php\/wp-json\/wp\/v2\/posts"}],"about":[{"href":"https:\/\/horapicodigital.com.ar\/index.php\/wp-json\/wp\/v2\/types\/post"}],"author":[{"embeddable":true,"href":"https:\/\/horapicodigital.com.ar\/index.php\/wp-json\/wp\/v2\/users\/7"}],"replies":[{"embeddable":true,"href":"https:\/\/horapicodigital.com.ar\/index.php\/wp-json\/wp\/v2\/comments?post=18648"}],"version-history":[{"count":1,"href":"https:\/\/horapicodigital.com.ar\/index.php\/wp-json\/wp\/v2\/posts\/18648\/revisions"}],"predecessor-version":[{"id":18650,"href":"https:\/\/horapicodigital.com.ar\/index.php\/wp-json\/wp\/v2\/posts\/18648\/revisions\/18650"}],"wp:featuredmedia":[{"embeddable":true,"href":"https:\/\/horapicodigital.com.ar\/index.php\/wp-json\/wp\/v2\/media\/18649"}],"wp:attachment":[{"href":"https:\/\/horapicodigital.com.ar\/index.php\/wp-json\/wp\/v2\/media?parent=18648"}],"wp:term":[{"taxonomy":"category","embeddable":true,"href":"https:\/\/horapicodigital.com.ar\/index.php\/wp-json\/wp\/v2\/categories?post=18648"},{"taxonomy":"post_tag","embeddable":true,"href":"https:\/\/horapicodigital.com.ar\/index.php\/wp-json\/wp\/v2\/tags?post=18648"}],"curies":[{"name":"wp","href":"https:\/\/api.w.org\/{rel}","templated":true}]}}