{"id":18631,"date":"2026-01-17T01:48:27","date_gmt":"2026-01-17T04:48:27","guid":{"rendered":"https:\/\/horapicodigital.com.ar\/?p=18631"},"modified":"2026-01-17T01:48:28","modified_gmt":"2026-01-17T04:48:28","slug":"vacaciones-entre-las-ganas-de-viajar-y-el-presupuesto-que-eligen-los-jujenos","status":"publish","type":"post","link":"https:\/\/horapicodigital.com.ar\/index.php\/2026\/01\/17\/vacaciones-entre-las-ganas-de-viajar-y-el-presupuesto-que-eligen-los-jujenos\/","title":{"rendered":"Vacaciones, entre las ganas de viajar y el presupuesto: qu\u00e9 eligen los juje\u00f1os"},"content":{"rendered":"\n<p>En \u00e9poca del descanso de enero o febrero, algunos\u00a0<strong>juje\u00f1os planifican<\/strong>\u00a0el futuro con\u00a0<strong>vacaciones<\/strong>\u00a0especiales para el 2026.<\/p>\n\n\n\n<p>En el comienzo de un nuevo a\u00f1o siempre est\u00e1n las ganas de poder tener unas merecidas\u00a0<strong>vacaciones<\/strong>\u00a0dentro o fuera de la provincia, ya sea planeadas con anticipaci\u00f3n o diagramadas a \u00faltimo momento.\u00a0<strong>Para algunos es un lujo y para otros, un gasto necesario.<\/strong><\/p>\n\n\n\n<p>Una&nbsp;<strong>mujer<\/strong>&nbsp;asegur\u00f3 que ya est\u00e1n planificadas, pero para m\u00e1s adelante. \u201c<strong>En marzo y en Brasil<\/strong>. Pagamos entre todos, pero no sabemos el presupuesto todav\u00eda\u201d, y dijo que el destino elegido es \u201cm\u00e1s barato que vacacionar ac\u00e1 en el pa\u00eds, y el clima est\u00e1 un poco mejor\u201d.<\/p>\n\n\n\n<p>Otro&nbsp;<strong>hombre afirm\u00f3 que alguna salida habr\u00e1 \u201cpara turistear un poco\u201d<\/strong>, y se\u00f1al\u00f3 que el lugar elegido es \u201cpor ac\u00e1, por el vecino pa\u00eds\u201d, aludiendo al viaje hacia Bolivia. \u201cPor el tema del cambio es conveniente y favorece\u201d, subray\u00f3.<\/p>\n\n\n\n<p>Una&nbsp;<strong>juje\u00f1a marc\u00f3 que tiene su visi\u00f3n sobre las vacaciones. \u201cAmo Jujuy, disfruto cada vez que voy al norte, Termas de Reyes, El Carmen, Perico, todo lo que tiene Jujuy<\/strong>\u201d, pero admiti\u00f3 que \u201ca veces uno tiene ganas de salir, y la playita nos tira\u201d.<\/p>\n\n\n\n<p>Una&nbsp;<strong>mujer<\/strong>&nbsp;asegur\u00f3 que ya est\u00e1n planificadas, pero para m\u00e1s adelante. \u201c<strong>En marzo y en Brasil<\/strong>. Pagamos entre todos, pero no sabemos el presupuesto todav\u00eda\u201d, y dijo que el destino elegido es \u201cm\u00e1s barato que vacacionar ac\u00e1 en el pa\u00eds, y el clima est\u00e1 un poco mejor\u201d.<\/p>\n\n\n\n<p>Otro&nbsp;<strong>hombre afirm\u00f3 que alguna salida habr\u00e1 \u201cpara turistear un poco\u201d<\/strong>, y se\u00f1al\u00f3 que el lugar elegido es \u201cpor ac\u00e1, por el vecino pa\u00eds\u201d, aludiendo al viaje hacia Bolivia. \u201cPor el tema del cambio es conveniente y favorece\u201d, subray\u00f3.<\/p>\n\n\n\n<p>Una&nbsp;<strong>juje\u00f1a marc\u00f3 que tiene su visi\u00f3n sobre las vacaciones. \u201cAmo Jujuy, disfruto cada vez que voy al norte, Termas de Reyes, El Carmen, Perico, todo lo que tiene Jujuy<\/strong>\u201d, pero admiti\u00f3 que \u201ca veces uno tiene ganas de salir, y la playita nos tira\u201d.<\/p>\n\n\n\n<h2 class=\"wp-block-heading\">Vacaciones en Brasil<\/h2>\n\n\n\n<p>Aunque&nbsp;<strong>Brasil es uno de los destinos tur\u00edsticos m\u00e1s elegidos por los argentinos y varias familias juje\u00f1as<\/strong>, informes advierten sobre la&nbsp;<strong><a href=\"https:\/\/www.todojujuy.com\/pais\/vacaciones-brasil-como-saber-que-playas-estan-contaminadas-y-cuales-pueden-ser-los-efectos-la-salud-n284556\" target=\"_blank\" rel=\"noreferrer noopener\">contaminaci\u00f3n de sus playas y que no aptas para ba\u00f1arse<\/a><\/strong>, lo que ya gener\u00f3 brotes de gastroenteritis en a\u00f1os anteriores.<\/p>\n\n\n\n<p>Todos los a\u00f1os el&nbsp;<strong>medio Folha de San Pablo realiza un informe del estado de las playas de todas las costas de Brasil<\/strong>&nbsp;al inicio de la temporada. Y este verano el 70% de las playas no est\u00e1n aptas para ba\u00f1arse. Es el nivel m\u00e1s alto de la \u00faltima d\u00e9cada. El escenario adverso se atribuye principalmente al elevado volumen de lluvias y a las deficiencias en el saneamiento b\u00e1sico.<\/p>\n\n\n\n<p>En total,&nbsp;<strong>253 playas fueron aptas para el ba\u00f1o en todas las mediciones realizadas desde noviembre de 2024 a octubre de 2025, equivalente al 30,2% del total<\/strong>. Otras 288 playas se consideraron regulares, 143 malas y 136 muy malas, seg\u00fan el an\u00e1lisis basado en normas del Consejo Nacional de Medio Ambiente de Brasil (Conama).<\/p>\n\n\n\n<h2 class=\"wp-block-heading\">Bajo alto riesgo<\/h2>\n\n\n\n<p>En el estado de&nbsp;<strong>Santa Catarina<\/strong>&nbsp;-uno de los que m\u00e1s argentinos recibe-, el \u00faltimo informe (con datos del 28 de diciembre al 2 de enero) indica que, de los 259 puntos monitoreados por el Instituto de Medio Ambiente de Santa Catarina, 174 son aptos para el ba\u00f1o (67,2%).<\/p>\n\n\n\n<p>Entre ellos figuran algunos sectores de las playas de Balne\u00e1rio Cambori\u00fa, Bombas, Bombinhas y Florian\u00f3polis. La cantidad de sitios aptos para ba\u00f1arse disminuy\u00f3 respecto de la semana pasada, cuando se hab\u00eda registrado un porcentaje de 75,7%.<\/p>\n\n\n\n<p><strong>Rio de Janeiro, otro estado con muchas playas conocidas<\/strong>, como Buzios, Angra do Reis, Cabo Fr\u00edo y Arraial do Cabo, monitorea 291 puntos en 197 playas. En el \u00faltimo informe se detectaron como no aptos algunos puntos en R\u00edo de Janeiro (por ejemplo, Botafogo, y el sector de Arpoador, en Ipanema) y un punto en Buzios (la playa Arma\u00e7\u00e3o).<\/p>\n\n\n\n<p>En el&nbsp;<strong>estado de San Pablo (con sitios tur\u00edsticos como Guaruj\u00e1 e Ilhabela<\/strong>), se realizan muestreos en 175 playas. El \u00faltimo informe indica que en 13 puntos el agua no estaba apta para el ba\u00f1o. La mayor\u00eda son playas muy cerca de los sectores m\u00e1s poblados o zonas portuarias.<\/p>\n","protected":false},"excerpt":{"rendered":"<p>En \u00e9poca del descanso de enero o febrero, algunos\u00a0juje\u00f1os planifican\u00a0el futuro con\u00a0vacaciones\u00a0especiales para el 2026. En el comienzo de un nuevo a\u00f1o siempre est\u00e1n las ganas de poder tener unas merecidas\u00a0vacaciones\u00a0dentro o fuera de la provincia, ya sea planeadas con anticipaci\u00f3n o diagramadas a \u00faltimo momento.\u00a0Para algunos es un lujo y para otros, un gasto [&hellip;]<\/p>\n","protected":false},"author":7,"featured_media":18632,"comment_status":"open","ping_status":"open","sticky":false,"template":"","format":"standard","meta":{"_themeisle_gutenberg_block_has_review":false,"footnotes":""},"categories":[2714,1848],"tags":[58],"class_list":["post-18631","post","type-post","status-publish","format-standard","has-post-thumbnail","hentry","category-shows-y-eventos","category-turismo","tag-jujuy"],"_links":{"self":[{"href":"https:\/\/horapicodigital.com.ar\/index.php\/wp-json\/wp\/v2\/posts\/18631","targetHints":{"allow":["GET"]}}],"collection":[{"href":"https:\/\/horapicodigital.com.ar\/index.php\/wp-json\/wp\/v2\/posts"}],"about":[{"href":"https:\/\/horapicodigital.com.ar\/index.php\/wp-json\/wp\/v2\/types\/post"}],"author":[{"embeddable":true,"href":"https:\/\/horapicodigital.com.ar\/index.php\/wp-json\/wp\/v2\/users\/7"}],"replies":[{"embeddable":true,"href":"https:\/\/horapicodigital.com.ar\/index.php\/wp-json\/wp\/v2\/comments?post=18631"}],"version-history":[{"count":1,"href":"https:\/\/horapicodigital.com.ar\/index.php\/wp-json\/wp\/v2\/posts\/18631\/revisions"}],"predecessor-version":[{"id":18633,"href":"https:\/\/horapicodigital.com.ar\/index.php\/wp-json\/wp\/v2\/posts\/18631\/revisions\/18633"}],"wp:featuredmedia":[{"embeddable":true,"href":"https:\/\/horapicodigital.com.ar\/index.php\/wp-json\/wp\/v2\/media\/18632"}],"wp:attachment":[{"href":"https:\/\/horapicodigital.com.ar\/index.php\/wp-json\/wp\/v2\/media?parent=18631"}],"wp:term":[{"taxonomy":"category","embeddable":true,"href":"https:\/\/horapicodigital.com.ar\/index.php\/wp-json\/wp\/v2\/categories?post=18631"},{"taxonomy":"post_tag","embeddable":true,"href":"https:\/\/horapicodigital.com.ar\/index.php\/wp-json\/wp\/v2\/tags?post=18631"}],"curies":[{"name":"wp","href":"https:\/\/api.w.org\/{rel}","templated":true}]}}