{"id":18628,"date":"2026-01-17T01:31:06","date_gmt":"2026-01-17T04:31:06","guid":{"rendered":"https:\/\/horapicodigital.com.ar\/?p=18628"},"modified":"2026-01-17T01:31:07","modified_gmt":"2026-01-17T04:31:07","slug":"habra-mas-subsidios-electricos-para-el-noa-como-seran-en-cada-zona","status":"publish","type":"post","link":"https:\/\/horapicodigital.com.ar\/index.php\/2026\/01\/17\/habra-mas-subsidios-electricos-para-el-noa-como-seran-en-cada-zona\/","title":{"rendered":"Habr\u00e1 m\u00e1s subsidios el\u00e9ctricos para el NOA: c\u00f3mo ser\u00e1n en cada zona"},"content":{"rendered":"\n<p>La Secretar\u00eda de Energ\u00eda elev\u00f3 los topes de consumo con subsidio para los meses de mayor calor en el norte argentino.<\/p>\n\n\n\n<p>El Gobierno Nacional, a trav\u00e9s de la Secretar\u00eda de Energ\u00eda del Ministerio de Econom\u00eda, defini\u00f3<strong>\u00a0nuevos bloques de consumo el\u00e9ctrico subsidiado para las provincias del Noroeste (NOA) y Noreste Argentino (NEA),\u00a0<\/strong>en el marco del r\u00e9gimen de\u00a0<strong>Subsidios Energ\u00e9ticos Focalizados (SEF)<\/strong>. La actualizaci\u00f3n comenzar\u00e1 a aplicarse durante los meses de altas temperaturas y apunta a introducir un criterio de equidad territorial en el esquema de ayudas.<\/p>\n\n\n\n<p>La medida se apoya en la&nbsp;<strong>clasificaci\u00f3n clim\u00e1tica IRAM 11603<\/strong>, que identifica zonas \u201cmuy c\u00e1lidas\u201d y \u201cc\u00e1lidas\u201d en gran parte del norte del pa\u00eds. A partir de ese criterio, se modifican los topes de consumo con subsidio en los meses de mayor demanda el\u00e9ctrica, especialmente por el uso de ventiladores y aires acondicionados.<\/p>\n\n\n\n<h2 class=\"wp-block-heading\">Nuevos topes de consumo subsidiado en verano<\/h2>\n\n\n\n<p>Durante&nbsp;<strong>diciembre, enero y febrero<\/strong>, los bloques quedar\u00e1n establecidos de la siguiente manera:<\/p>\n\n\n\n<ul class=\"wp-block-list\">\n<li><strong>Zonas muy c\u00e1lidas del NOA y NEA:<\/strong>\u00a0el consumo subsidiado se eleva de\u00a0<strong>300 a 550 kWh mensuales<\/strong>.<\/li>\n\n\n\n<li><strong>Zonas c\u00e1lidas:<\/strong>\u00a0el bloque subsidiado se fija en\u00a0<strong>370 kWh mensuales<\/strong>.<\/li>\n<\/ul>\n\n\n\n<ul class=\"wp-block-list\">\n<li><strong>Resto del pa\u00eds:<\/strong>\u00a0se mantiene el tope de\u00a0<strong>300 kWh mensuales<\/strong>.<\/li>\n<\/ul>\n\n\n\n<p>De esta manera, el norte argentino contar\u00e1 con un margen mayor de consumo protegido frente a las facturas m\u00e1s elevadas que suelen registrarse en los meses de verano.<\/p>\n\n\n\n<h2 class=\"wp-block-heading\">C\u00f3mo funcionan los bloques el resto del a\u00f1o<\/h2>\n\n\n\n<p>El esquema del SEF mantiene adem\u00e1s una diferenciaci\u00f3n estacional a lo largo del a\u00f1o. Seg\u00fan lo informado oficialmente:<\/p>\n\n\n\n<ul class=\"wp-block-list\">\n<li><strong>Mayo, junio, julio y agosto:<\/strong>\u00a0el bloque subsidiado es de\u00a0<strong>300 kWh mensuales<\/strong>\u00a0en todas las zonas.<\/li>\n\n\n\n<li><strong>Marzo, abril, septiembre, octubre y noviembre:<\/strong>\u00a0el tope se reduce a\u00a0<strong>150 kWh mensuales<\/strong>, independientemente de la regi\u00f3n.<\/li>\n<\/ul>\n\n\n\n<p>Esto implica que el mayor beneficio se concentra en el verano, cuando el consumo el\u00e9ctrico aumenta de manera significativa en el NOA y el NEA.<\/p>\n\n\n\n<h2 class=\"wp-block-heading\">Subsidios 2026: qui\u00e9n debe reinscribirse para no perder descuentos en luz y gas<\/h2>\n\n\n\n<p>El Gobierno nacional puso en marcha un nuevo esquema de&nbsp;<a href=\"https:\/\/www.todojujuy.com\/subsidios-a3300\" target=\"_blank\" rel=\"noreferrer noopener\"><strong>subsidios<\/strong><\/a>&nbsp;para las tarifas de luz y gas, con un registro unificado que define qui\u00e9n mantiene la ayuda estatal y qui\u00e9n pasar\u00e1 a pagar tarifa plena. Desde enero de 2026, el acceso queda atado a requisitos de ingresos y a una inscripci\u00f3n online que, en algunos casos, debe renovarse.<\/p>\n\n\n\n<p>El sistema se denomina&nbsp;<strong>Subsidios Energ\u00e9ticos Focalizados (SEF)<\/strong>&nbsp;y se gestiona a trav\u00e9s del&nbsp;<strong><a href=\"https:\/\/www.todojujuy.com\/pais\/zona-fria-ampliada-el-gobierno-recorta-subsidios-mas-130000-usuarios-n273049\" target=\"_blank\" rel=\"noreferrer noopener\">Registro de Subsidios Energ\u00e9ticos Focalizados<\/a>&nbsp;(ReSEF)<\/strong>, que reemplaza al&nbsp;<strong>RASE<\/strong>. A diferencia del esquema anterior, se deja atr\u00e1s la segmentaci\u00f3n por niveles y se pasa a un criterio simple:&nbsp;<strong>hogares con subsidio<\/strong>&nbsp;y&nbsp;<strong>hogares sin subsidio<\/strong>.<\/p>\n\n\n\n<p>Para calificar, el requisito central es que los ingresos netos del hogar sean&nbsp;<strong>menores o iguales a tres Canastas B\u00e1sicas Totales (CBT)<\/strong>&nbsp;para un \u201chogar tipo 2\u201d. Tomando como referencia la CBT de&nbsp;<strong>noviembre de 2025<\/strong>&nbsp;para ese hogar (<strong>$1.257.329<\/strong>), el umbral equivale a&nbsp;<strong>$3.771.987<\/strong>&nbsp;mensuales (tres CBT).<\/p>\n\n\n\n<h2 class=\"wp-block-heading\">Subsidios: qui\u00e9nes deben reinscribirse en el ReSEF<\/h2>\n\n\n\n<p>Seg\u00fan la informaci\u00f3n oficial, deber\u00e1n completar el nuevo formulario quienes ven\u00edan recibiendo asistencia por v\u00edas espec\u00edficas: beneficiarios del&nbsp;<strong>ex Programa Hogar<\/strong>, usuarios alcanzados por la&nbsp;<strong>Tarifa Social de Gas<\/strong>&nbsp;en determinadas localidades, y quienes utilizan&nbsp;<strong>garrafas de GLP<\/strong>&nbsp;para acceder al beneficio.<\/p>\n\n\n\n<p>En cambio, quienes ya estaban anotados en el esquema previo (RASE)&nbsp;<strong>no tienen que reinscribirse<\/strong>, porque los datos se migran de forma autom\u00e1tica al ReSEF. De todos modos, se puede&nbsp;<strong>actualizar informaci\u00f3n<\/strong>&nbsp;mediante una&nbsp;<strong>declaraci\u00f3n jurada<\/strong>, especialmente si hubo cambios de ingresos o composici\u00f3n del grupo familiar.<\/p>\n\n\n\n<p><\/p>\n","protected":false},"excerpt":{"rendered":"<p>La Secretar\u00eda de Energ\u00eda elev\u00f3 los topes de consumo con subsidio para los meses de mayor calor en el norte argentino. El Gobierno Nacional, a trav\u00e9s de la Secretar\u00eda de Energ\u00eda del Ministerio de Econom\u00eda, defini\u00f3\u00a0nuevos bloques de consumo el\u00e9ctrico subsidiado para las provincias del Noroeste (NOA) y Noreste Argentino (NEA),\u00a0en el marco del r\u00e9gimen [&hellip;]<\/p>\n","protected":false},"author":7,"featured_media":18629,"comment_status":"open","ping_status":"open","sticky":false,"template":"","format":"standard","meta":{"_themeisle_gutenberg_block_has_review":false,"footnotes":""},"categories":[6,81,118],"tags":[58],"class_list":["post-18628","post","type-post","status-publish","format-standard","has-post-thumbnail","hentry","category-economia","category-general","category-sociedad","tag-jujuy"],"_links":{"self":[{"href":"https:\/\/horapicodigital.com.ar\/index.php\/wp-json\/wp\/v2\/posts\/18628","targetHints":{"allow":["GET"]}}],"collection":[{"href":"https:\/\/horapicodigital.com.ar\/index.php\/wp-json\/wp\/v2\/posts"}],"about":[{"href":"https:\/\/horapicodigital.com.ar\/index.php\/wp-json\/wp\/v2\/types\/post"}],"author":[{"embeddable":true,"href":"https:\/\/horapicodigital.com.ar\/index.php\/wp-json\/wp\/v2\/users\/7"}],"replies":[{"embeddable":true,"href":"https:\/\/horapicodigital.com.ar\/index.php\/wp-json\/wp\/v2\/comments?post=18628"}],"version-history":[{"count":1,"href":"https:\/\/horapicodigital.com.ar\/index.php\/wp-json\/wp\/v2\/posts\/18628\/revisions"}],"predecessor-version":[{"id":18630,"href":"https:\/\/horapicodigital.com.ar\/index.php\/wp-json\/wp\/v2\/posts\/18628\/revisions\/18630"}],"wp:featuredmedia":[{"embeddable":true,"href":"https:\/\/horapicodigital.com.ar\/index.php\/wp-json\/wp\/v2\/media\/18629"}],"wp:attachment":[{"href":"https:\/\/horapicodigital.com.ar\/index.php\/wp-json\/wp\/v2\/media?parent=18628"}],"wp:term":[{"taxonomy":"category","embeddable":true,"href":"https:\/\/horapicodigital.com.ar\/index.php\/wp-json\/wp\/v2\/categories?post=18628"},{"taxonomy":"post_tag","embeddable":true,"href":"https:\/\/horapicodigital.com.ar\/index.php\/wp-json\/wp\/v2\/tags?post=18628"}],"curies":[{"name":"wp","href":"https:\/\/api.w.org\/{rel}","templated":true}]}}