{"id":18602,"date":"2026-01-16T09:04:07","date_gmt":"2026-01-16T12:04:07","guid":{"rendered":"https:\/\/horapicodigital.com.ar\/?p=18602"},"modified":"2026-01-16T09:04:08","modified_gmt":"2026-01-16T12:04:08","slug":"renovaron-el-alerta-por-tormentas-con-viento-y-granizo-para-toda-la-provincia","status":"publish","type":"post","link":"https:\/\/horapicodigital.com.ar\/index.php\/2026\/01\/16\/renovaron-el-alerta-por-tormentas-con-viento-y-granizo-para-toda-la-provincia\/","title":{"rendered":"Renovaron el alerta por tormentas con viento y granizo para toda la provincia"},"content":{"rendered":"\n<p>Se esperan tormentas con lluvias intensas, r\u00e1fagas fuertes, posible granizo y actividad el\u00e9ctrica en distintos puntos de Jujuy.<\/p>\n\n\n\n<p><strong>La provincia de Jujuy permanece bajo alerta amarilla por tormentas durante la tarde y la noche de este jueves, seg\u00fan el pron\u00f3stico oficial.<\/strong>\u00a0El aviso alcanza a todas las regiones y anticipa lluvias y tormentas de variada intensidad, con posibilidad de fen\u00f3menos localmente fuertes que pueden generar complicaciones en zonas urbanas, rurales y en los principales corredores viales.<\/p>\n\n\n\n<p>Las condiciones clim\u00e1ticas previstas incluyen precipitaciones abundantes en cortos per\u00edodos, intensa actividad el\u00e9ctrica, ca\u00edda de granizo y r\u00e1fagas de viento que pueden alcanzar los 70 kil\u00f3metros por hora.&nbsp;<strong>El fen\u00f3meno afecta tanto a \u00e1reas bajas como a sectores de mayor altura, donde el impacto puede resultar distinto.<\/strong><\/p>\n\n\n\n<p>De acuerdo a los datos difundidos, los valores de lluvia acumulada oscilar\u00e1n entre los 20 y los 50 mil\u00edmetros, aunque en algunos puntos estos registros pueden superar esos n\u00fameros de manera puntual, en especial durante los momentos de mayor intensidad de las tormentas.<\/p>\n\n\n\n<h2 class=\"wp-block-heading\"><strong>Lluvias intensas y riesgo de granizo<\/strong><\/h2>\n\n\n\n<p><strong>El alerta amarilla por tormentas en Jujuy abarca valles, yungas, quebrada, puna y zonas cordilleranas.&nbsp;<\/strong>En las \u00e1reas m\u00e1s elevadas de la cordillera, las precipitaciones pueden presentarse mayormente en forma de granizo e incluso nieve, debido a las bajas temperaturas propias de esos sectores.<\/p>\n\n\n\n<p>Este tipo de eventos suele provocar acumulaci\u00f3n de agua en calzadas, reducci\u00f3n de la visibilidad y dificultades para la circulaci\u00f3n, sobre todo en rutas de monta\u00f1a y caminos secundarios.&nbsp;<strong>En zonas urbanas, las lluvias intensas en poco tiempo pueden generar anegamientos temporarios en calles y avenidas.<\/strong><\/p>\n\n\n\n<p>La actividad el\u00e9ctrica intensa representa otro de los factores a considerar durante el desarrollo de las tormentas, con descargas frecuentes que suelen acompa\u00f1ar este tipo de sistemas meteorol\u00f3gicos en la regi\u00f3n.<\/p>\n\n\n\n<h2 class=\"wp-block-heading\"><strong>Precauci\u00f3n en rutas y corredores viales de Jujuy<\/strong><\/h2>\n\n\n\n<p>Ante el pron\u00f3stico de tormentas durante la tarde y la noche, las autoridades recomiendan circular con extrema precauci\u00f3n por los distintos corredores viales de la provincia. Las r\u00e1fagas de viento, la lluvia intensa y el granizo pueden afectar la estabilidad de los veh\u00edculos y la adherencia de los neum\u00e1ticos sobre el asfalto.<\/p>\n\n\n\n<p><strong>Se solicita respetar las se\u00f1ales de tr\u00e1nsito, mantener las velocidades m\u00e1ximas permitidas y conservar una distancia adecuada de frenado.<\/strong>&nbsp;Estas medidas resultan clave para reducir riesgos ante maniobras imprevistas, acumulaci\u00f3n de agua o presencia de material suelto sobre la calzada.<\/p>\n\n\n\n<p>En rutas de altura y zonas cordilleranas, la posible ca\u00edda de granizo o nieve puede complicar a\u00fan m\u00e1s las condiciones de manejo, por lo que se sugiere especial atenci\u00f3n en tramos sinuosos y con pendientes pronunciadas.<\/p>\n\n\n\n<h2 class=\"wp-block-heading\"><\/h2>\n","protected":false},"excerpt":{"rendered":"<p>Se esperan tormentas con lluvias intensas, r\u00e1fagas fuertes, posible granizo y actividad el\u00e9ctrica en distintos puntos de Jujuy. La provincia de Jujuy permanece bajo alerta amarilla por tormentas durante la tarde y la noche de este jueves, seg\u00fan el pron\u00f3stico oficial.\u00a0El aviso alcanza a todas las regiones y anticipa lluvias y tormentas de variada intensidad, [&hellip;]<\/p>\n","protected":false},"author":7,"featured_media":18603,"comment_status":"open","ping_status":"open","sticky":false,"template":"","format":"standard","meta":{"_themeisle_gutenberg_block_has_review":false,"footnotes":""},"categories":[2711],"tags":[58],"class_list":["post-18602","post","type-post","status-publish","format-standard","has-post-thumbnail","hentry","category-clima","tag-jujuy"],"_links":{"self":[{"href":"https:\/\/horapicodigital.com.ar\/index.php\/wp-json\/wp\/v2\/posts\/18602","targetHints":{"allow":["GET"]}}],"collection":[{"href":"https:\/\/horapicodigital.com.ar\/index.php\/wp-json\/wp\/v2\/posts"}],"about":[{"href":"https:\/\/horapicodigital.com.ar\/index.php\/wp-json\/wp\/v2\/types\/post"}],"author":[{"embeddable":true,"href":"https:\/\/horapicodigital.com.ar\/index.php\/wp-json\/wp\/v2\/users\/7"}],"replies":[{"embeddable":true,"href":"https:\/\/horapicodigital.com.ar\/index.php\/wp-json\/wp\/v2\/comments?post=18602"}],"version-history":[{"count":1,"href":"https:\/\/horapicodigital.com.ar\/index.php\/wp-json\/wp\/v2\/posts\/18602\/revisions"}],"predecessor-version":[{"id":18604,"href":"https:\/\/horapicodigital.com.ar\/index.php\/wp-json\/wp\/v2\/posts\/18602\/revisions\/18604"}],"wp:featuredmedia":[{"embeddable":true,"href":"https:\/\/horapicodigital.com.ar\/index.php\/wp-json\/wp\/v2\/media\/18603"}],"wp:attachment":[{"href":"https:\/\/horapicodigital.com.ar\/index.php\/wp-json\/wp\/v2\/media?parent=18602"}],"wp:term":[{"taxonomy":"category","embeddable":true,"href":"https:\/\/horapicodigital.com.ar\/index.php\/wp-json\/wp\/v2\/categories?post=18602"},{"taxonomy":"post_tag","embeddable":true,"href":"https:\/\/horapicodigital.com.ar\/index.php\/wp-json\/wp\/v2\/tags?post=18602"}],"curies":[{"name":"wp","href":"https:\/\/api.w.org\/{rel}","templated":true}]}}