{"id":18592,"date":"2026-01-15T10:25:25","date_gmt":"2026-01-15T13:25:25","guid":{"rendered":"https:\/\/horapicodigital.com.ar\/?p=18592"},"modified":"2026-01-15T10:25:25","modified_gmt":"2026-01-15T13:25:25","slug":"el-espacio-no-somos-nada-del-carnaval-de-los-tekis-ya-se-encuentra-a-la-venta","status":"publish","type":"post","link":"https:\/\/horapicodigital.com.ar\/index.php\/2026\/01\/15\/el-espacio-no-somos-nada-del-carnaval-de-los-tekis-ya-se-encuentra-a-la-venta\/","title":{"rendered":"El espacio \u201cNo Somos Nada\u201d del Carnaval de Los Tekis ya se encuentra a la venta"},"content":{"rendered":"\n<p>Como sucede todos los a\u00f1os, el Carnaval de Los Tekis 2026 habilita uno de sus sectores m\u00e1s exclusivos y esperados por el p\u00fablico. Este sector se destaca por ofrecer una experiencia ideal para disfrutar con amigos.<br>Seg\u00fan la informaci\u00f3n oficial, el espacio incluye:<br>Servicios Exclusivos:<br>\u25cf El sector cuenta con barras exclusivas.<br>\u25cf Dispone de un sector de ba\u00f1os exclusivos para quienes acceden.<br>\u25cf Ofrece entrada propia sin largas filas.<br>\u25cf El espacio est\u00e1 equipado con ambientaci\u00f3n.<br>El Line Up que acompa\u00f1ar\u00e1 la experiencia Quienes accedan a este sector podr\u00e1n disfrutar de la programaci\u00f3n oficial que ya confirm\u00f3 el orden de sus artistas:<br>\u25cf Viernes 13: Apertura con Los Tekis, Luck Ra y Los Nocheros.<br>\u25cf S\u00e1bado 14: Noche junto a Los Tekis, Luciano Pereyra y el rock de Kapanga.<br>\u25cf Domingo 15: Jornada liderada por Los Tekis, L\u00e1zaro Caballero y Desakatados.<br>\u25cf Lunes 16: El gran cierre con Los Tekis, Chaque\u00f1o Palavecino, Q\u2019 Lokura y La Pepa Brizuela.<\/p>\n\n\n\n<p>Venta Oficial<br>La organizaci\u00f3n record\u00f3 que las entradas para el espacio \u00abNo Somos Nada\u00bb, al igual que las generales y el Abono Carnavalero (4 noches al precio de 3), se adquieren \u00fanicamente a trav\u00e9s del sitio web oficial:<br>Los Tekis: \ud83d\udc49 www.lostekis.com.ar. y en puntos de venta f\u00edsicos.<br>A un mes del inicio, el Carnaval de Los Tekis vuelve a demostrar por qu\u00e9 es el evento m\u00e1s importante del norte argentino, sumando excelencia t\u00e9cnica y servicios a su tradicional ritual.<\/p>\n\n\n\n<p>Redes oficiales:<br>\u25cf Instagram: Los Tekis<br>\u25cf Carnaval de Los Tekis<br>\u25cf Facebook Los Tekis<br>\u25cf Carnaval de Los Tekis<br>\u25cf TikTok Los Tekis \/ Carnaval de Los Tekis<br>\u25cf X Los Tekis \/ Carnaval de Los Tekis<\/p>\n","protected":false},"excerpt":{"rendered":"<p>Como sucede todos los a\u00f1os, el Carnaval de Los Tekis 2026 habilita uno de sus sectores m\u00e1s exclusivos y esperados por el p\u00fablico. Este sector se destaca por ofrecer una experiencia ideal para disfrutar con amigos.Seg\u00fan la informaci\u00f3n oficial, el espacio incluye:Servicios Exclusivos:\u25cf El sector cuenta con barras exclusivas.\u25cf Dispone de un sector de ba\u00f1os [&hellip;]<\/p>\n","protected":false},"author":7,"featured_media":18593,"comment_status":"open","ping_status":"open","sticky":false,"template":"","format":"standard","meta":{"_themeisle_gutenberg_block_has_review":false,"footnotes":""},"categories":[2714],"tags":[58],"class_list":["post-18592","post","type-post","status-publish","format-standard","has-post-thumbnail","hentry","category-shows-y-eventos","tag-jujuy"],"_links":{"self":[{"href":"https:\/\/horapicodigital.com.ar\/index.php\/wp-json\/wp\/v2\/posts\/18592","targetHints":{"allow":["GET"]}}],"collection":[{"href":"https:\/\/horapicodigital.com.ar\/index.php\/wp-json\/wp\/v2\/posts"}],"about":[{"href":"https:\/\/horapicodigital.com.ar\/index.php\/wp-json\/wp\/v2\/types\/post"}],"author":[{"embeddable":true,"href":"https:\/\/horapicodigital.com.ar\/index.php\/wp-json\/wp\/v2\/users\/7"}],"replies":[{"embeddable":true,"href":"https:\/\/horapicodigital.com.ar\/index.php\/wp-json\/wp\/v2\/comments?post=18592"}],"version-history":[{"count":1,"href":"https:\/\/horapicodigital.com.ar\/index.php\/wp-json\/wp\/v2\/posts\/18592\/revisions"}],"predecessor-version":[{"id":18594,"href":"https:\/\/horapicodigital.com.ar\/index.php\/wp-json\/wp\/v2\/posts\/18592\/revisions\/18594"}],"wp:featuredmedia":[{"embeddable":true,"href":"https:\/\/horapicodigital.com.ar\/index.php\/wp-json\/wp\/v2\/media\/18593"}],"wp:attachment":[{"href":"https:\/\/horapicodigital.com.ar\/index.php\/wp-json\/wp\/v2\/media?parent=18592"}],"wp:term":[{"taxonomy":"category","embeddable":true,"href":"https:\/\/horapicodigital.com.ar\/index.php\/wp-json\/wp\/v2\/categories?post=18592"},{"taxonomy":"post_tag","embeddable":true,"href":"https:\/\/horapicodigital.com.ar\/index.php\/wp-json\/wp\/v2\/tags?post=18592"}],"curies":[{"name":"wp","href":"https:\/\/api.w.org\/{rel}","templated":true}]}}