{"id":18584,"date":"2026-01-15T06:15:39","date_gmt":"2026-01-15T09:15:39","guid":{"rendered":"https:\/\/horapicodigital.com.ar\/?p=18584"},"modified":"2026-01-15T06:15:40","modified_gmt":"2026-01-15T09:15:40","slug":"aumenta-el-taxi-en-la-capital-jujena-las-nuevas-tarifas","status":"publish","type":"post","link":"https:\/\/horapicodigital.com.ar\/index.php\/2026\/01\/15\/aumenta-el-taxi-en-la-capital-jujena-las-nuevas-tarifas\/","title":{"rendered":"Aumenta el taxi en la capital juje\u00f1a: las nuevas tarifas"},"content":{"rendered":"\n<p>El incremento alcanza a los taxis de radio llamada y a los taxis compartidos y entra en vigencia a partir del jueves 15 de enero<\/p>\n\n\n\n<p>A partir de este jueves 15 de enero entra en vigencia el nuevo cuadro tarifario para el&nbsp;<strong>servicio de taxis en San Salvador de Jujuy<\/strong>, tanto en la modalidad de radio llamada como en la de&nbsp;<strong>taxis compartidos<\/strong>, seg\u00fan inform\u00f3 la&nbsp;<strong>Direcci\u00f3n de Fiscalizaci\u00f3n de Transporte de la Municipalidad capitalina.<\/strong><\/p>\n\n\n\n<p>El aumento hab\u00eda sido anunciado oportunamente y se aplica conforme a lo establecido en la&nbsp;<strong>Ordenanza N\u00b0 7952\/2003<\/strong>. Desde el \u00e1rea municipal detallaron los nuevos valores que comenzar\u00e1n a regir desde la fecha mencionada, diferenciados por franjas horarias y d\u00edas.<\/p>\n\n\n\n<h4 class=\"wp-block-heading\"><strong>NUEVAS TARIFAS DE TAXI RADIO LLAMADA:<\/strong><\/h4>\n\n\n\n<p><strong>TARIFA DIURNA DE 05:00 A 22:00 HORAS<\/strong><\/p>\n\n\n\n<ul class=\"wp-block-list\">\n<li>Bajada de bandera: $ 940,00.<\/li>\n\n\n\n<li>Ficha cada 100 m: $ 94,00.<\/li>\n<\/ul>\n\n\n\n<p><strong>TARIFA NOCTURNA DE 22:00 A 05:00 HORAS<\/strong><\/p>\n\n\n\n<ul class=\"wp-block-list\">\n<li>Bajada de bandera: $ 1.160,00.<\/li>\n\n\n\n<li>Ficha cada 100 m: $ 116,00.<\/li>\n<\/ul>\n\n\n\n<p><strong>FERIADOS NACIONALES, PROVINCIALES Y D\u00cdAS DOMINGO<\/strong><\/p>\n\n\n\n<ul class=\"wp-block-list\">\n<li>Bajada de bandera: $ 1.160,00.<\/li>\n\n\n\n<li>Ficha cada 100 m: $ 116,00.<\/li>\n<\/ul>\n\n\n\n<h4 class=\"wp-block-heading\"><strong>NUEVAS TARIFAS DE TAXI COMPARTIDO:<\/strong><\/h4>\n\n\n\n<ul class=\"wp-block-list\">\n<li>Tarifa Diurna: $ 1.200,00<\/li>\n\n\n\n<li>Tarifa Nocturna: $ 1.500,00<\/li>\n<\/ul>\n\n\n\n<h4 class=\"wp-block-heading\"><strong>CONTROL DE TICKETERAS<\/strong><\/h4>\n\n\n\n<p>Desde la Direcci\u00f3n de Fiscalizaci\u00f3n de Transporte tambi\u00e9n recordaron a los permisionarios que el control de ticketeras y el cambio de los cuadros tarifarios se realizar\u00e1 desde este jueves en el lugar habitual. La atenci\u00f3n administrativa ser\u00e1 de lunes a viernes de 7.30 a 13 y de 14 a 18, mientras que el control de ticketeras se llevar\u00e1 a cabo de 8 a 12 y de 14 a 18.<\/p>\n\n\n\n<p>Finalmente, el organismo municipal advirti\u00f3 que aquellos choferes que no cumplan con el control correspondiente quedar\u00e1n sujetos a las sanciones previstas, al tiempo que solicit\u00f3 a los usuarios verificar que las unidades circulen con las tarifas actualizadas.<\/p>\n\n\n\n<p><a href=\"https:\/\/www.somosjujuy.com.ar\/jujuy\/cayo-patentamiento-autos-jujuy-durante-diciembre-n112833\"><\/a><\/p>\n","protected":false},"excerpt":{"rendered":"<p>El incremento alcanza a los taxis de radio llamada y a los taxis compartidos y entra en vigencia a partir del jueves 15 de enero A partir de este jueves 15 de enero entra en vigencia el nuevo cuadro tarifario para el&nbsp;servicio de taxis en San Salvador de Jujuy, tanto en la modalidad de radio [&hellip;]<\/p>\n","protected":false},"author":7,"featured_media":18586,"comment_status":"open","ping_status":"open","sticky":false,"template":"","format":"standard","meta":{"_themeisle_gutenberg_block_has_review":false,"footnotes":""},"categories":[6,81,118],"tags":[58],"class_list":["post-18584","post","type-post","status-publish","format-standard","has-post-thumbnail","hentry","category-economia","category-general","category-sociedad","tag-jujuy"],"_links":{"self":[{"href":"https:\/\/horapicodigital.com.ar\/index.php\/wp-json\/wp\/v2\/posts\/18584","targetHints":{"allow":["GET"]}}],"collection":[{"href":"https:\/\/horapicodigital.com.ar\/index.php\/wp-json\/wp\/v2\/posts"}],"about":[{"href":"https:\/\/horapicodigital.com.ar\/index.php\/wp-json\/wp\/v2\/types\/post"}],"author":[{"embeddable":true,"href":"https:\/\/horapicodigital.com.ar\/index.php\/wp-json\/wp\/v2\/users\/7"}],"replies":[{"embeddable":true,"href":"https:\/\/horapicodigital.com.ar\/index.php\/wp-json\/wp\/v2\/comments?post=18584"}],"version-history":[{"count":1,"href":"https:\/\/horapicodigital.com.ar\/index.php\/wp-json\/wp\/v2\/posts\/18584\/revisions"}],"predecessor-version":[{"id":18587,"href":"https:\/\/horapicodigital.com.ar\/index.php\/wp-json\/wp\/v2\/posts\/18584\/revisions\/18587"}],"wp:featuredmedia":[{"embeddable":true,"href":"https:\/\/horapicodigital.com.ar\/index.php\/wp-json\/wp\/v2\/media\/18586"}],"wp:attachment":[{"href":"https:\/\/horapicodigital.com.ar\/index.php\/wp-json\/wp\/v2\/media?parent=18584"}],"wp:term":[{"taxonomy":"category","embeddable":true,"href":"https:\/\/horapicodigital.com.ar\/index.php\/wp-json\/wp\/v2\/categories?post=18584"},{"taxonomy":"post_tag","embeddable":true,"href":"https:\/\/horapicodigital.com.ar\/index.php\/wp-json\/wp\/v2\/tags?post=18584"}],"curies":[{"name":"wp","href":"https:\/\/api.w.org\/{rel}","templated":true}]}}