{"id":18566,"date":"2026-01-15T05:55:26","date_gmt":"2026-01-15T08:55:26","guid":{"rendered":"https:\/\/horapicodigital.com.ar\/?p=18566"},"modified":"2026-01-15T05:55:26","modified_gmt":"2026-01-15T08:55:26","slug":"jujuy-sera-sede-de-una-fecha-del-campeonato-regional-del-noa-de-triatlon","status":"publish","type":"post","link":"https:\/\/horapicodigital.com.ar\/index.php\/2026\/01\/15\/jujuy-sera-sede-de-una-fecha-del-campeonato-regional-del-noa-de-triatlon\/","title":{"rendered":"Jujuy ser\u00e1 sede de una fecha del Campeonato Regional del NOA de Triatl\u00f3n"},"content":{"rendered":"\n<p>El 1 de febrero en el\u00a0<strong>Dique la Ci\u00e9naga<\/strong>, se realizar\u00e1 la \u00faltima fecha del\u00a0<strong>Campeonato Regional del NOA de Triatl\u00f3n<\/strong>.<\/p>\n\n\n\n<p>El\u00a0<strong>pr\u00f3ximo 1 de febrero<\/strong>\u00a0Jujuy ser\u00e1 sede de la\u00a0<strong>5\u00ba fecha del\u00a0Campeonato Regional del NOA de Triatl\u00f3n\u00a0en el Dique La Ci\u00e9naga<\/strong>, competencia que reunir\u00e1 a atletas de toda la regi\u00f3n, en modalidad individual y postas, combinando nataci\u00f3n, ciclismo y pedestrismo.<\/p>\n\n\n\n<p><strong>Aldana Noseda, coordinadora de la Secretar\u00eda de Deportes<\/strong>, afirm\u00f3 en su visita a Canal 4, que \u201c<strong>tenemos uno de los espejos de agua m\u00e1s lindos que tiene Argentina<\/strong>, y tambi\u00e9n se piensa que sea escenario de grandes eventos a futuro\u201d.<\/p>\n\n\n\n<p>Dijo que ser\u00e1 \u201c<strong>un evento s\u00faper importante porque es el cierre del campeonato regional<\/strong>&nbsp;de cinco fechas se va a hacer en la provincia\u201d, destac\u00f3 sobre la competencia que se desarrolla a lo largo de cinco provincias: Salta, Tucum\u00e1n, Santiago del Estero, Catamarca y Jujuy.<\/p>\n\n\n\n<p>\u201cCreo que le da un posicionamiento a Jujuy en t\u00e9rminos de lo que es la organizaci\u00f3n de eventos deportivos en nuestra regi\u00f3n\u201d, dijo Noseda. \u201c<strong>Coordinando para que haya una buena puesta en escena del evento<\/strong>&nbsp;y poder cubrirnos todas las necesidades de lo que verdaderamente necesita un triatl\u00f3n\u201d.<\/p>\n\n\n\n<p>\u201c<strong>Obviamente es una gran condici\u00f3n que Jujuy sea el cierre, donde vamos a terminar la clasificaci\u00f3n de este campeonato regional&nbsp;<\/strong>y coronando al campe\u00f3n de cada una de las categor\u00edas\u201d, dijo y aclar\u00f3 que ese d\u00eda se realizar\u00e1 la entrega de premios al campe\u00f3n regional.<\/p>\n\n\n\n<p>\u201cTenemos a su vez tambi\u00e9n lo que es el Campeonato Juje\u00f1o de Triatl\u00f3n, en donde pueden participar deportistas en la categor\u00eda individual. La Secretar\u00eda, dentro de su plan de acci\u00f3n, tambi\u00e9n tiene la difusi\u00f3n de los deportes\u201d.<\/p>\n\n\n<div class=\"wp-block-image\">\n<figure class=\"aligncenter size-full\"><img loading=\"lazy\" decoding=\"async\" width=\"500\" height=\"623\" src=\"https:\/\/horapicodigital.com.ar\/wp-content\/uploads\/2026\/01\/Screenshot-2026-01-15-055342.png\" alt=\"\" class=\"wp-image-18568\" srcset=\"https:\/\/horapicodigital.com.ar\/wp-content\/uploads\/2026\/01\/Screenshot-2026-01-15-055342.png 500w, https:\/\/horapicodigital.com.ar\/wp-content\/uploads\/2026\/01\/Screenshot-2026-01-15-055342-241x300.png 241w\" sizes=\"auto, (max-width: 500px) 100vw, 500px\" \/><\/figure>\n<\/div>\n\n\n<h2 class=\"wp-block-heading\">Qui\u00e9nes pueden participar del triatl\u00f3n<\/h2>\n\n\n\n<p><strong>\u201cEstamos invitando a lo que son las postas en equipos para poder visibilizar lo que es el triatl\u00f3n<\/strong>. A su vez tambi\u00e9n chicos, que sean nadadores solamente o hagan ciclismo, o solamente sean corredores de calle, que armen sus propios equipos para poder participar\u201d, destac\u00f3 Noseda.<\/p>\n\n\n\n<p><strong>\u201cEstamos haciendo una modalidad que se llama super sprint<\/strong>, que inician nadando 750 metros en aguas abiertas. De ah\u00ed tienen una zona de transici\u00f3n y hacen 20 kil\u00f3metros en bicicleta, puede ser de ruta o de mountain bike, y luego finalizan el triatl\u00f3n corriendo 5 kil\u00f3metros en total\u201d, detall\u00f3.<\/p>\n\n\n\n<p><strong>\u201cCreo que estos tipos de eventos hacen que podamos motivar e incentivar<\/strong>&nbsp;a toda la comunidad que se acerque a este tipo de deportes y que sepan tambi\u00e9n que es un espacio cuidado. Todos vamos a estar ah\u00ed colaborando para que se pueda desarrollar el evento de la manera m\u00e1s segura\u201d, se\u00f1al\u00f3.<\/p>\n\n\n\n<p>Sobre quienes pueden anotarse,&nbsp;<strong>Noseda dijo que \u201cel llamado a todos los deportistas que sean espec\u00edficos del running, espec\u00edficos del ciclismo, espec\u00edficos de las actividades acu\u00e1ticas,<\/strong>&nbsp;que puedan armar sus equipos y saber que cada uno va a estar en su actividad y que entre el equipo puedan terminar lo que es el triatl\u00f3n\u201d.<\/p>\n\n\n\n<h2 class=\"wp-block-heading\">Las inscripciones<\/h2>\n\n\n\n<p><strong>Las inscripciones ya est\u00e1n abiertas a trav\u00e9s de&nbsp;<a href=\"https:\/\/sportmetric.net\/app#\/\" target=\"_blank\" rel=\"noreferrer noopener\">Sportmetric.net<\/a>&nbsp;con cupos limitados<\/strong>. \u201cAh\u00ed est\u00e1 el reglamento y toda la informaci\u00f3n necesaria para que se puedan inscribir tanto lo que es individual como postas. Ya tenemos alrededor de 60 competidores inscriptos\u201d.<\/p>\n\n\n\n<p>Recalc\u00f3 que \u201c<strong>se pueden inscribir hasta el d\u00eda 24 de enero<\/strong>, o bien se hace el corte una vez que se cumpla con el cupo que, seg\u00fan la log\u00edstica que necesita este evento, nosotros tenemos cubierto que hay 210 competidores\u201d, cerr\u00f3.<\/p>\n","protected":false},"excerpt":{"rendered":"<p>El 1 de febrero en el\u00a0Dique la Ci\u00e9naga, se realizar\u00e1 la \u00faltima fecha del\u00a0Campeonato Regional del NOA de Triatl\u00f3n. El\u00a0pr\u00f3ximo 1 de febrero\u00a0Jujuy ser\u00e1 sede de la\u00a05\u00ba fecha del\u00a0Campeonato Regional del NOA de Triatl\u00f3n\u00a0en el Dique La Ci\u00e9naga, competencia que reunir\u00e1 a atletas de toda la regi\u00f3n, en modalidad individual y postas, combinando nataci\u00f3n, ciclismo [&hellip;]<\/p>\n","protected":false},"author":7,"featured_media":18569,"comment_status":"open","ping_status":"open","sticky":false,"template":"","format":"standard","meta":{"_themeisle_gutenberg_block_has_review":false,"footnotes":""},"categories":[10,2714,118],"tags":[58],"class_list":["post-18566","post","type-post","status-publish","format-standard","has-post-thumbnail","hentry","category-deportes","category-shows-y-eventos","category-sociedad","tag-jujuy"],"_links":{"self":[{"href":"https:\/\/horapicodigital.com.ar\/index.php\/wp-json\/wp\/v2\/posts\/18566","targetHints":{"allow":["GET"]}}],"collection":[{"href":"https:\/\/horapicodigital.com.ar\/index.php\/wp-json\/wp\/v2\/posts"}],"about":[{"href":"https:\/\/horapicodigital.com.ar\/index.php\/wp-json\/wp\/v2\/types\/post"}],"author":[{"embeddable":true,"href":"https:\/\/horapicodigital.com.ar\/index.php\/wp-json\/wp\/v2\/users\/7"}],"replies":[{"embeddable":true,"href":"https:\/\/horapicodigital.com.ar\/index.php\/wp-json\/wp\/v2\/comments?post=18566"}],"version-history":[{"count":1,"href":"https:\/\/horapicodigital.com.ar\/index.php\/wp-json\/wp\/v2\/posts\/18566\/revisions"}],"predecessor-version":[{"id":18570,"href":"https:\/\/horapicodigital.com.ar\/index.php\/wp-json\/wp\/v2\/posts\/18566\/revisions\/18570"}],"wp:featuredmedia":[{"embeddable":true,"href":"https:\/\/horapicodigital.com.ar\/index.php\/wp-json\/wp\/v2\/media\/18569"}],"wp:attachment":[{"href":"https:\/\/horapicodigital.com.ar\/index.php\/wp-json\/wp\/v2\/media?parent=18566"}],"wp:term":[{"taxonomy":"category","embeddable":true,"href":"https:\/\/horapicodigital.com.ar\/index.php\/wp-json\/wp\/v2\/categories?post=18566"},{"taxonomy":"post_tag","embeddable":true,"href":"https:\/\/horapicodigital.com.ar\/index.php\/wp-json\/wp\/v2\/tags?post=18566"}],"curies":[{"name":"wp","href":"https:\/\/api.w.org\/{rel}","templated":true}]}}