{"id":18560,"date":"2026-01-15T05:47:07","date_gmt":"2026-01-15T08:47:07","guid":{"rendered":"https:\/\/horapicodigital.com.ar\/?p=18560"},"modified":"2026-01-15T05:47:08","modified_gmt":"2026-01-15T08:47:08","slug":"carnaval-2026-en-jujuy-la-agenda-completa-de-una-fiesta-que-atraviesa-toda-la-provincia","status":"publish","type":"post","link":"https:\/\/horapicodigital.com.ar\/index.php\/2026\/01\/15\/carnaval-2026-en-jujuy-la-agenda-completa-de-una-fiesta-que-atraviesa-toda-la-provincia\/","title":{"rendered":"Carnaval 2026 en Jujuy: la agenda completa de una fiesta que atraviesa toda la provincia"},"content":{"rendered":"\n<p>La provincia de Jujuy confirm\u00f3 el calendario oficial del Carnaval 2026 una de las expresiones culturales m\u00e1s representativas del norte argentino.<\/p>\n\n\n\n<p>Entre enero y marzo, el territorio de Jujuy se transforma en escenario de rituales comunitarios, celebraciones populares y festivales masivos que combinan tradici\u00f3n, m\u00fasica y encuentro colectivo. A continuaci\u00f3n, el recorrido completo por cada momento del\u00a0<strong>Carnaval juje\u00f1o<\/strong>.<\/p>\n\n\n\n<h2 class=\"wp-block-heading\">Cronograma del Carnaval 2026 en Jujuy<\/h2>\n\n\n\n<ul class=\"wp-block-list\">\n<li><strong>Jueves de Padrinos y Ahijados &#8211; 22 y 29 de enero<\/strong><\/li>\n<\/ul>\n\n\n\n<p>El calendario se abre con los jueves preparatorios, jornadas que refuerzan los lazos comunitarios y familiares. El Jueves de Padrinos (22) y el de Ahijados (29) convocan a encuentros en casas y centros vecinales, donde el compartir marca el inicio simb\u00f3lico del carnaval y prepara el clima para la fiesta mayor.<\/p>\n\n\n\n<ul class=\"wp-block-list\">\n<li><strong>II Muestra del Carnaval Juje\u00f1o &#8211; 27 de enero | de 17 a 21 horas<\/strong><\/li>\n<\/ul>\n\n\n\n<p>El Patio de las Batallas del Cabildo de San Salvador de Jujuy ser\u00e1 sede de la segunda edici\u00f3n de esta muestra que re\u00fane expresiones de toda la provincia. Copleros, tinkus, pim pim, diablos y comparsas art\u00edsticas compartir\u00e1n una jornada abierta al p\u00fablico, con sorteos de kits carnavaleros y un cierre musical.<\/p>\n\n\n\n<ul class=\"wp-block-list\">\n<li><strong>Jueves de Compadres y Comadres &#8211; 5 y 12 de febrero<\/strong><\/li>\n<\/ul>\n\n\n\n<p>Dos fechas centrales del calendario ritual. El 5 de febrero se celebra el Jueves de Compadres y el 12 el de Comadres. Plazas y calles se llenan de albahaca, harina y serpentina en encuentros donde la amistad, el juego y la celebraci\u00f3n colectiva toman protagonismo antes del inicio pleno del Carnaval.<\/p>\n\n\n\n<ul class=\"wp-block-list\">\n<li><strong>Carnaval de Los Tekis y Carnaval Grande &#8211; Del 13 al 16 de febrero<\/strong><\/li>\n<\/ul>\n\n\n\n<p><strong>Durante estos d\u00edas, el carnaval alcanza su m\u00e1xima intensidad.<\/strong>&nbsp;En San Salvador de Jujuy se desarrolla el Carnaval de Los Tekis (13 al 16), mientras que en toda la provincia se vive el Carnaval Grande (14 al 16), con comparsas, disfraces y m\u00fasica que transforman las calles en un espacio de celebraci\u00f3n continua.<\/p>\n\n\n\n<ul class=\"wp-block-list\">\n<li><strong>Bajada de Diablos en Uqu\u00eda &#8211; 14 de febrero<\/strong><\/li>\n<\/ul>\n\n\n\n<p>Uno de los eventos m\u00e1s convocantes y visuales del carnaval juje\u00f1o. Cientos de diablos descienden desde el cerro hacia el pueblo en un ritual que combina lo sagrado y lo festivo. Cada comparsa y cada m\u00e1scara expresan una tradici\u00f3n que conecta el presente con las ra\u00edces culturales de la regi\u00f3n.<\/p>\n\n\n\n<ul class=\"wp-block-list\">\n<li><strong>Martes de Chaya &#8211; 17 de febrero<\/strong><\/li>\n<\/ul>\n\n\n\n<p>Jornada de agradecimiento y encuentro comunitario. El agua y la harina forman parte del ritual, entre el juego, las bromas y la conexi\u00f3n con la Pachamama. Es uno de los momentos m\u00e1s identitarios del carnaval, donde lo simb\u00f3lico y lo popular conviven en un mismo festejo.<\/p>\n\n\n\n<ul class=\"wp-block-list\">\n<li><strong>El Camino del Adi\u00f3s &#8211; Del 21 de febrero al 7 de marzo<\/strong><\/li>\n<\/ul>\n\n\n\n<p>El cierre del ciclo carnavalesco se desarrolla en tres etapas:<\/p>\n\n\n\n<ul class=\"wp-block-list\">\n<li>Carnaval Chico | 21 de febrero: una continuidad de los festejos para quienes extienden el esp\u00edritu del carnaval.<\/li>\n\n\n\n<li>Carnaval de Flores | 28 de febrero:: una celebraci\u00f3n m\u00e1s contemplativa, que invita a disfrutar la est\u00e9tica y la memoria de lo vivido.<\/li>\n\n\n\n<li>Carnaval de Remache | 7 de marzo: el cierre definitivo, con el entierro del Pujllay hasta el pr\u00f3ximo a\u00f1o y la despedida formal de la fiesta.<\/li>\n<\/ul>\n\n\n\n<p>El Carnaval 2026 propone m\u00e1s de dos meses de celebraciones que recorren toda la provincia. No se trata solo de una agenda de eventos, sino de un tiempo colectivo en el que Jujuy expresa su identidad, su historia y su manera de celebrar. Una invitaci\u00f3n abierta a participar de una fiesta que se vive en comunidad y que vuelve a convertir al territorio en uno de los grandes escenarios culturales del verano argentino.<\/p>\n","protected":false},"excerpt":{"rendered":"<p>La provincia de Jujuy confirm\u00f3 el calendario oficial del Carnaval 2026 una de las expresiones culturales m\u00e1s representativas del norte argentino. Entre enero y marzo, el territorio de Jujuy se transforma en escenario de rituales comunitarios, celebraciones populares y festivales masivos que combinan tradici\u00f3n, m\u00fasica y encuentro colectivo. A continuaci\u00f3n, el recorrido completo por cada [&hellip;]<\/p>\n","protected":false},"author":7,"featured_media":18561,"comment_status":"open","ping_status":"open","sticky":false,"template":"","format":"standard","meta":{"_themeisle_gutenberg_block_has_review":false,"footnotes":""},"categories":[2714],"tags":[58],"class_list":["post-18560","post","type-post","status-publish","format-standard","has-post-thumbnail","hentry","category-shows-y-eventos","tag-jujuy"],"_links":{"self":[{"href":"https:\/\/horapicodigital.com.ar\/index.php\/wp-json\/wp\/v2\/posts\/18560","targetHints":{"allow":["GET"]}}],"collection":[{"href":"https:\/\/horapicodigital.com.ar\/index.php\/wp-json\/wp\/v2\/posts"}],"about":[{"href":"https:\/\/horapicodigital.com.ar\/index.php\/wp-json\/wp\/v2\/types\/post"}],"author":[{"embeddable":true,"href":"https:\/\/horapicodigital.com.ar\/index.php\/wp-json\/wp\/v2\/users\/7"}],"replies":[{"embeddable":true,"href":"https:\/\/horapicodigital.com.ar\/index.php\/wp-json\/wp\/v2\/comments?post=18560"}],"version-history":[{"count":1,"href":"https:\/\/horapicodigital.com.ar\/index.php\/wp-json\/wp\/v2\/posts\/18560\/revisions"}],"predecessor-version":[{"id":18562,"href":"https:\/\/horapicodigital.com.ar\/index.php\/wp-json\/wp\/v2\/posts\/18560\/revisions\/18562"}],"wp:featuredmedia":[{"embeddable":true,"href":"https:\/\/horapicodigital.com.ar\/index.php\/wp-json\/wp\/v2\/media\/18561"}],"wp:attachment":[{"href":"https:\/\/horapicodigital.com.ar\/index.php\/wp-json\/wp\/v2\/media?parent=18560"}],"wp:term":[{"taxonomy":"category","embeddable":true,"href":"https:\/\/horapicodigital.com.ar\/index.php\/wp-json\/wp\/v2\/categories?post=18560"},{"taxonomy":"post_tag","embeddable":true,"href":"https:\/\/horapicodigital.com.ar\/index.php\/wp-json\/wp\/v2\/tags?post=18560"}],"curies":[{"name":"wp","href":"https:\/\/api.w.org\/{rel}","templated":true}]}}