{"id":18557,"date":"2026-01-15T05:43:00","date_gmt":"2026-01-15T08:43:00","guid":{"rendered":"https:\/\/horapicodigital.com.ar\/?p=18557"},"modified":"2026-01-15T05:43:01","modified_gmt":"2026-01-15T08:43:01","slug":"adiunju-continua-en-estado-de-alerta-en-reclamo-a-presupuesto-universitario","status":"publish","type":"post","link":"https:\/\/horapicodigital.com.ar\/index.php\/2026\/01\/15\/adiunju-continua-en-estado-de-alerta-en-reclamo-a-presupuesto-universitario\/","title":{"rendered":"ADIUNJU CONTINUA EN ESTADO DE ALERTA EN RECLAMO A PRESUPUESTO UNIVERSITARIO"},"content":{"rendered":"\n<p>Asamblea de ADIUNJu respalda las acciones de la Comisi\u00f3n Directiva y reafirma la lucha sin vacaciones en un contexto pol\u00edtico econ\u00f3mico que se endurece cada vez m\u00e1s<br>Con una amplia participaci\u00f3n de afiliados de ADIUNJu celebramos la apertura del cuarto intermedio de Asamblea Extraordinaria, lunes \u00faltimo.<br>Desde la Comisi\u00f3n Directiva informamos en detalle las acciones realizadas ante la transici\u00f3n en la conducci\u00f3n del sindicato y corrimiento de cargos, para reafirmar con contundencia, honestidad, unidad y el compromiso de fortalecer la organizaci\u00f3n gremial, adem\u00e1s de continuar siendo trinchera para la defensa de nuestros derechos y espacio de contenci\u00f3n para nuestros afiliados.<br>En la Asamblea que dur\u00f3 cerca de 4 horas, los presentes, docentes e investigadores de la UNJu pudieron expresar sus posturas en relaci\u00f3n con los cambios en la conducci\u00f3n del sindicato, exponer el impacto de la grave situaci\u00f3n presupuestaria y salarial que estamos atravesando como trabajadores de la Universidad y debatir acciones de lucha para la organizaci\u00f3n de una respuesta gremial contundente, colectiva y organizada.<br>En el marco del brutal ajuste que atraviesa la Universidad P\u00fablica, el desfinanciamiento del sistema educativo y cient\u00edfico, el recorte hist\u00f3rico de nuestros salarios docentes y el avance de pol\u00edticas regresivas que vulneran derechos conquistados con una Reforma Laboral en puerta, todo orquestado por los capitales extranjeros que tiene en Javier Milei y su gobierno a un ejecutor servil, la Asamblea propuso de manera un\u00e1nime continuar tejiendo la unidad con las organizaciones, gremios y espacios del campo popular y ratificar el estado de alerta y movilizaci\u00f3n con la lucha colectiva, la defensa de nuestros derechos docentes y de la Universidad para el pueblo, como horizonte.<\/p>\n","protected":false},"excerpt":{"rendered":"<p>Asamblea de ADIUNJu respalda las acciones de la Comisi\u00f3n Directiva y reafirma la lucha sin vacaciones en un contexto pol\u00edtico econ\u00f3mico que se endurece cada vez m\u00e1sCon una amplia participaci\u00f3n de afiliados de ADIUNJu celebramos la apertura del cuarto intermedio de Asamblea Extraordinaria, lunes \u00faltimo.Desde la Comisi\u00f3n Directiva informamos en detalle las acciones realizadas ante [&hellip;]<\/p>\n","protected":false},"author":7,"featured_media":18558,"comment_status":"open","ping_status":"open","sticky":false,"template":"","format":"standard","meta":{"_themeisle_gutenberg_block_has_review":false,"footnotes":""},"categories":[248],"tags":[58],"class_list":["post-18557","post","type-post","status-publish","format-standard","has-post-thumbnail","hentry","category-educacion","tag-jujuy"],"_links":{"self":[{"href":"https:\/\/horapicodigital.com.ar\/index.php\/wp-json\/wp\/v2\/posts\/18557","targetHints":{"allow":["GET"]}}],"collection":[{"href":"https:\/\/horapicodigital.com.ar\/index.php\/wp-json\/wp\/v2\/posts"}],"about":[{"href":"https:\/\/horapicodigital.com.ar\/index.php\/wp-json\/wp\/v2\/types\/post"}],"author":[{"embeddable":true,"href":"https:\/\/horapicodigital.com.ar\/index.php\/wp-json\/wp\/v2\/users\/7"}],"replies":[{"embeddable":true,"href":"https:\/\/horapicodigital.com.ar\/index.php\/wp-json\/wp\/v2\/comments?post=18557"}],"version-history":[{"count":1,"href":"https:\/\/horapicodigital.com.ar\/index.php\/wp-json\/wp\/v2\/posts\/18557\/revisions"}],"predecessor-version":[{"id":18559,"href":"https:\/\/horapicodigital.com.ar\/index.php\/wp-json\/wp\/v2\/posts\/18557\/revisions\/18559"}],"wp:featuredmedia":[{"embeddable":true,"href":"https:\/\/horapicodigital.com.ar\/index.php\/wp-json\/wp\/v2\/media\/18558"}],"wp:attachment":[{"href":"https:\/\/horapicodigital.com.ar\/index.php\/wp-json\/wp\/v2\/media?parent=18557"}],"wp:term":[{"taxonomy":"category","embeddable":true,"href":"https:\/\/horapicodigital.com.ar\/index.php\/wp-json\/wp\/v2\/categories?post=18557"},{"taxonomy":"post_tag","embeddable":true,"href":"https:\/\/horapicodigital.com.ar\/index.php\/wp-json\/wp\/v2\/tags?post=18557"}],"curies":[{"name":"wp","href":"https:\/\/api.w.org\/{rel}","templated":true}]}}