{"id":18550,"date":"2026-01-14T10:40:04","date_gmt":"2026-01-14T13:40:04","guid":{"rendered":"https:\/\/horapicodigital.com.ar\/?p=18550"},"modified":"2026-01-14T10:42:24","modified_gmt":"2026-01-14T13:42:24","slug":"carnaval-de-los-tekis-2026-la-fiesta-mas-grande-esta-por-comenzar","status":"publish","type":"post","link":"https:\/\/horapicodigital.com.ar\/index.php\/2026\/01\/14\/carnaval-de-los-tekis-2026-la-fiesta-mas-grande-esta-por-comenzar\/","title":{"rendered":"CARNAVAL DE LOS TEKIS 2026: la fiesta m\u00e1s grande est\u00e1 por comenzar"},"content":{"rendered":"\n<p>El Carnaval de Los Tekis es uno de los eventos culturales y musicales m\u00e1s importantes del pa\u00eds.<br>Con escenario principal situado en la Ciudad Cultural, del 13 al 16 de febrero Jujuy se transformar\u00e1 en el epicentro de la m\u00fasica, la tradici\u00f3n y la alegr\u00eda, convocando a miles de personas de todo el pa\u00eds y del extranjero.<\/p>\n\n\n\n<p>Con un line up imponente que incluye a figuras de renombre nacional e internacional, este carnaval promete ser una experiencia \u00fanica para todos los asistentes.<br>Los Tekis, anfitriones y emblema de esta celebraci\u00f3n, compartir\u00e1n escenario con artistas como Luck Ra, Los Nocheros, \u00c1ngelo Aranda, Luciano Pereyra, Kapanga, Desakta2, L\u00e1zaro Caballero, Coroico, Chaque\u00f1o Palavecino, Q&#8217;Lokura, entre muchos otros que llenar\u00e1n de m\u00fasica y emoci\u00f3n las cuatro jornadas de Carnaval grande.<\/p>\n\n\n\n<p>Mucho M\u00e1s que un Carnaval<\/p>\n\n\n\n<p>El Carnaval de Los Tekis no es solo una fiesta, sino un evento que marca un impacto profundo en la econom\u00eda y el turismo de Jujuy. Cada edici\u00f3n genera miles de empleos directos e indirectos, impulsando sectores clave como la hoteler\u00eda, la gastronom\u00eda y el comercio local. Adem\u00e1s, atrae a miles de turistas que llegan para disfrutar no solo del carnaval, sino tambi\u00e9n de los paisajes y la cultura \u00fanicos de nuestra Provincia.<\/p>\n\n\n\n<p>Entradas y Redes Oficiales<br>Las entradas para el Carnaval de Los Tekis 2026 ya est\u00e1n a la venta a trav\u00e9s de www.paseshow.com.ar, la \u00fanica plataforma oficial.<br>Adem\u00e1s, las redes sociales de Los Tekis y Carnaval de Los Tekis compartir\u00e1n todas las novedades y sorpresas de esta edici\u00f3n:<br>\u25cf Instagram: @carnavaldelostekis<br>\u25cf Facebook: Carnaval de Los Tekis<br>\u25cf Tiktok: @carnavaldelostekis<br>\u25cf x:@tekiscarnaval<\/p>\n\n\n\n<p>Line Up Confirmado: del 13 al 16 de febrero<br>\u25cf Los Tekis<br>\u25cf Luck Ra<br>\u25cf Luciano Pereyra<br>\u25cf Kapanga<br>\u25cf Chaque\u00f1o Palavecino<br>\u25cf Q\u2019 Lokura<br>\u25cf Los Nocheros<br>\u25cf Desakta2<br>\u25cf La Pepa Brizuela<br>\u25cf L\u00e1zaro Caballero<br>\u25cf Carafea<br>\u25cf Los Tabaleros<br>\u25cf Los Nombradores del Alba<br>\u25cf Franco Barrionuevo<br>\u25cf Coroico<br>\u25cf Diableros<br>\u25cf Tunay<br>\u25cf Llokallas<br>\u25cf \u00c1ngelo Aranda<br>\u25cf Willy Campero<br>\u25cf Los de Jujuy<br>\u25cf Los Melli<br>\u25cf Dj&#8217;s invitados<\/p>\n\n\n\n<p>UN EVENTO CULTURAL<br>El Carnaval de Los Tekis es un evento que trasciende lo musical: es un s\u00edmbolo de cultura, unidad, tradici\u00f3n y transformaci\u00f3n. Este carnaval invita al p\u00fablico a sumergirse en la magia de Jujuy, fortaleciendo la conexi\u00f3n entre las ra\u00edces culturales y la modernidad de un espect\u00e1culo que es referente nacional.<br>Con apenas un mes para el inicio de esta gran celebraci\u00f3n, la cuenta regresiva ya comenz\u00f3.<\/p>\n\n\n\n<p>No te quedes afuera de esta experiencia \u00fanica.<br>\u00a1El Carnaval de Los Tekis 2026 te espera!<\/p>\n\n\n\n<figure class=\"wp-block-image size-large\"><img loading=\"lazy\" decoding=\"async\" width=\"1024\" height=\"684\" src=\"https:\/\/horapicodigital.com.ar\/wp-content\/uploads\/2026\/01\/b29cc295-b59a-4f1c-8b47-fb1b856a12f4-1-1024x684.jpg\" alt=\"\" class=\"wp-image-18553\" srcset=\"https:\/\/horapicodigital.com.ar\/wp-content\/uploads\/2026\/01\/b29cc295-b59a-4f1c-8b47-fb1b856a12f4-1-1024x684.jpg 1024w, https:\/\/horapicodigital.com.ar\/wp-content\/uploads\/2026\/01\/b29cc295-b59a-4f1c-8b47-fb1b856a12f4-1-300x200.jpg 300w, https:\/\/horapicodigital.com.ar\/wp-content\/uploads\/2026\/01\/b29cc295-b59a-4f1c-8b47-fb1b856a12f4-1-768x513.jpg 768w, https:\/\/horapicodigital.com.ar\/wp-content\/uploads\/2026\/01\/b29cc295-b59a-4f1c-8b47-fb1b856a12f4-1-1536x1025.jpg 1536w, https:\/\/horapicodigital.com.ar\/wp-content\/uploads\/2026\/01\/b29cc295-b59a-4f1c-8b47-fb1b856a12f4-1.jpg 1600w\" sizes=\"auto, (max-width: 1024px) 100vw, 1024px\" \/><\/figure>\n\n\n\n<figure class=\"wp-block-image size-large\"><img loading=\"lazy\" decoding=\"async\" width=\"1024\" height=\"768\" src=\"https:\/\/horapicodigital.com.ar\/wp-content\/uploads\/2026\/01\/d966afda-50dd-4b3c-b641-a741d472ca7e-1024x768.jpg\" alt=\"\" class=\"wp-image-18554\" srcset=\"https:\/\/horapicodigital.com.ar\/wp-content\/uploads\/2026\/01\/d966afda-50dd-4b3c-b641-a741d472ca7e-1024x768.jpg 1024w, https:\/\/horapicodigital.com.ar\/wp-content\/uploads\/2026\/01\/d966afda-50dd-4b3c-b641-a741d472ca7e-300x225.jpg 300w, https:\/\/horapicodigital.com.ar\/wp-content\/uploads\/2026\/01\/d966afda-50dd-4b3c-b641-a741d472ca7e-768x576.jpg 768w, https:\/\/horapicodigital.com.ar\/wp-content\/uploads\/2026\/01\/d966afda-50dd-4b3c-b641-a741d472ca7e-1536x1152.jpg 1536w, https:\/\/horapicodigital.com.ar\/wp-content\/uploads\/2026\/01\/d966afda-50dd-4b3c-b641-a741d472ca7e.jpg 1600w\" sizes=\"auto, (max-width: 1024px) 100vw, 1024px\" \/><\/figure>\n","protected":false},"excerpt":{"rendered":"<p>El Carnaval de Los Tekis es uno de los eventos culturales y musicales m\u00e1s importantes del pa\u00eds.Con escenario principal situado en la Ciudad Cultural, del 13 al 16 de febrero Jujuy se transformar\u00e1 en el epicentro de la m\u00fasica, la tradici\u00f3n y la alegr\u00eda, convocando a miles de personas de todo el pa\u00eds y del [&hellip;]<\/p>\n","protected":false},"author":7,"featured_media":18551,"comment_status":"open","ping_status":"open","sticky":false,"template":"","format":"standard","meta":{"_themeisle_gutenberg_block_has_review":false,"footnotes":""},"categories":[2714],"tags":[82,58],"class_list":["post-18550","post","type-post","status-publish","format-standard","has-post-thumbnail","hentry","category-shows-y-eventos","tag-carnaval","tag-jujuy"],"_links":{"self":[{"href":"https:\/\/horapicodigital.com.ar\/index.php\/wp-json\/wp\/v2\/posts\/18550","targetHints":{"allow":["GET"]}}],"collection":[{"href":"https:\/\/horapicodigital.com.ar\/index.php\/wp-json\/wp\/v2\/posts"}],"about":[{"href":"https:\/\/horapicodigital.com.ar\/index.php\/wp-json\/wp\/v2\/types\/post"}],"author":[{"embeddable":true,"href":"https:\/\/horapicodigital.com.ar\/index.php\/wp-json\/wp\/v2\/users\/7"}],"replies":[{"embeddable":true,"href":"https:\/\/horapicodigital.com.ar\/index.php\/wp-json\/wp\/v2\/comments?post=18550"}],"version-history":[{"count":2,"href":"https:\/\/horapicodigital.com.ar\/index.php\/wp-json\/wp\/v2\/posts\/18550\/revisions"}],"predecessor-version":[{"id":18555,"href":"https:\/\/horapicodigital.com.ar\/index.php\/wp-json\/wp\/v2\/posts\/18550\/revisions\/18555"}],"wp:featuredmedia":[{"embeddable":true,"href":"https:\/\/horapicodigital.com.ar\/index.php\/wp-json\/wp\/v2\/media\/18551"}],"wp:attachment":[{"href":"https:\/\/horapicodigital.com.ar\/index.php\/wp-json\/wp\/v2\/media?parent=18550"}],"wp:term":[{"taxonomy":"category","embeddable":true,"href":"https:\/\/horapicodigital.com.ar\/index.php\/wp-json\/wp\/v2\/categories?post=18550"},{"taxonomy":"post_tag","embeddable":true,"href":"https:\/\/horapicodigital.com.ar\/index.php\/wp-json\/wp\/v2\/tags?post=18550"}],"curies":[{"name":"wp","href":"https:\/\/api.w.org\/{rel}","templated":true}]}}