{"id":18528,"date":"2026-01-14T07:01:23","date_gmt":"2026-01-14T10:01:23","guid":{"rendered":"https:\/\/horapicodigital.com.ar\/?p=18528"},"modified":"2026-01-14T07:01:24","modified_gmt":"2026-01-14T10:01:24","slug":"la-inflacion-en-2025-fue-de-315-la-mas-baja-de-los-ultimos-8-anos","status":"publish","type":"post","link":"https:\/\/horapicodigital.com.ar\/index.php\/2026\/01\/14\/la-inflacion-en-2025-fue-de-315-la-mas-baja-de-los-ultimos-8-anos\/","title":{"rendered":"La inflaci\u00f3n en 2025 fue de 31,5%, la m\u00e1s baja de los \u00faltimos 8 a\u00f1os"},"content":{"rendered":"\n<p>El Indec inform\u00f3 el menor \u00cdndice de Precios al Consumidor desde 2017, cuando arroj\u00f3 24,8%. En diciembre, los precios subieron 2,8%<\/p>\n\n\n\n<p>La inflaci\u00f3n anual de 2025 lleg\u00f3 a\u00a0<strong>31,5%<\/strong>, luego de cerrar diciembre en\u00a0<strong>2,8%<\/strong>, seg\u00fan inform\u00f3 este martes el\u00a0Instituto Nacional de Estad\u00edstica y Censos (Indec). Se trata del nivel m\u00e1s bajo desde 2017 y los analistas prev\u00e9n que la suba de precios contin\u00fae su proceso de desaceleraci\u00f3n en 2026, aunque a un ritmo m\u00e1s lento.<\/p>\n\n\n\n<p>El \u00cdndice de Precios al Consumidor (IPC), con factores estacionales presionando, marc\u00f3 una leve\u00a0<strong>aceleraci\u00f3n<\/strong>\u00a0en el \u00faltimo mes del a\u00f1o pasado respecto al 2,5% que hab\u00eda arrojado en noviembre. En concreto, a\u00fan no se logra perforar el 2%, en un contexto en que sigue la recomposici\u00f3n de\u00a0precios relativos\u00a0en rubros como Energ\u00eda, Transporte, Servicios y Regulados.<\/p>\n\n\n\n<p>\u201cLa divisi\u00f3n de mayor aumento en el mes fue\u00a0<strong>Transporte (4,0%)<\/strong>, seguida de\u00a0<strong>Vivienda, agua, electricidad, gas y otros combustibles (3,4%)<\/strong>. La divisi\u00f3n con mayor incidencia en la variaci\u00f3n mensual regional fue Alimentos y bebidas no alcoh\u00f3licas\u201d, reza el informe oficial del Indec.<\/p>\n\n\n\n<p>Por el contrario, las dos categor\u00edas que registraron las menores variaciones en diciembre de 2025 fueron Prendas de vestir y calzado (1,1%) y Educaci\u00f3n (0,4%). A nivel de las categor\u00edas, los precios Regulados (3,3%) lideraron el incremento, seguidos de IPC n\u00facleo (3,0%) y Estacionales (0,6%).<\/p>\n\n\n\n<p>Al posar la lupa sobre el comportamiento anual, la inflaci\u00f3n experiment\u00f3 una reducci\u00f3n de 86,3 puntos porcentuales respecto a los 117,8% que se hab\u00eda registrado en 2024. El Presupuesto 2026 contempla un IPC de 10,1% para el a\u00f1o corriente, aunque las mediciones privadas estiman el doble.<\/p>\n\n\n\n<p>Un informe de GMA Capital resumi\u00f3: \u201cDurante 2024 y 2025, el desplome de la nominalidad fue el objetivo central del programa econ\u00f3mico. La desaceleraci\u00f3n inflacionaria respondi\u00f3 a un proceso m\u00e1s amplio de ordenamiento macroecon\u00f3mico: la reversi\u00f3n de una din\u00e1mica fiscal hist\u00f3ricamente deficitaria, el fin de la asistencia monetaria del BCRA al Tesoro (tras un per\u00edodo en el que, entre 2020 y 2023, la emisi\u00f3n super\u00f3 el 25% del PBI) y un esquema cambiario que oper\u00f3 como ancla nominal, con una apreciaci\u00f3n real de 41% desde diciembre de 2023. Esto permiti\u00f3 llevar la inflaci\u00f3n a la zona del 2% mensual\u201d.<\/p>\n\n\n\n<p>Vale recordar que el IPC de 2024 ya hab\u00eda marcado una fuerte desaceleraci\u00f3n frente al 211,4% de 2023, \u00faltimo a\u00f1o del gobierno de Alberto Fern\u00e1ndez, a pesar de la herencia e inercia recibida.<\/p>\n\n\n\n<p>La inflaci\u00f3n prevista en el \u00faltimo Relevamiento de Expectativas de Mercado (REM) para todo 2026 es de 20,5%. En principio, en enero volver\u00eda a superar el 2%. Para que el IPC llegue a un d\u00edgito anual reci\u00e9n habr\u00eda que esperar hasta 2028, estiman las consultoras privadas.<\/p>\n\n\n\n<p>La evoluci\u00f3n del tipo de cambio tras las modificaciones en el esquema de bandas incidir\u00e1 en el proceso de baja durante los pr\u00f3ximos meses dado que el techo y el piso se actualizar\u00e1n por inflaci\u00f3n con dos meses de rezago. \u201cLa eliminaci\u00f3n de un ancla nominal ex\u00f3gena de 1% por un ritmo m\u00e1s alto provocar\u00e1 menos anclaje en los bienes transables\u201d, se\u00f1ala PPI.<\/p>\n\n\n\n<p>Seg\u00fan GMA, hacia 2026,&nbsp;<a rel=\"noreferrer noopener\" href=\"https:\/\/www.infobae.com\/economia\/2025\/12\/31\/cuales-son-las-dos-condiciones-que-puso-el-bcra-para-eliminar-el-cepo-cambiario-por-completo\/\" target=\"_blank\"><strong>el foco se desplazar\u00eda en favor de la acumulaci\u00f3n de reservas<\/strong><\/a>, \u201cdemandando ahora otro tipo de sinton\u00eda fina para sostener la desaceleraci\u00f3n de la inflaci\u00f3n\u201d. Una posibilidad es la fijaci\u00f3n de tasas de inter\u00e9s reales positivas.<\/p>\n\n\n\n<h3 class=\"wp-block-heading\">Inflaci\u00f3n en CABA<\/h3>\n\n\n\n<p>Por su parte, el&nbsp;<a rel=\"noreferrer noopener\" href=\"https:\/\/www.infobae.com\/economia\/2026\/01\/09\/la-inflacion-en-la-ciudad-de-buenos-aires-fue-del-27-y-acumula-318-en-los-ultimos-doce-meses\/\" target=\"_blank\"><strong>\u00cdndice de Precios al Consumidor de la Ciudad de Buenos Aires (Ipcba)<\/strong><\/a>mostr\u00f3 en diciembre de 2025 un aumento mensual de 2,7%, de acuerdo con datos del Instituto de Estad\u00edstica y Censos porte\u00f1o.<\/p>\n\n\n\n<p>En la comparaci\u00f3n interanual, el indicador acumul\u00f3 una suba de 31,8%, lo que implic\u00f3 una desaceleraci\u00f3n de 0,8 puntos porcentuales frente a noviembre.<\/p>\n\n\n\n<p>Entre los rubros, transporte encabez\u00f3 los incrementos con una suba de 5,5%, impulsada por los ajustes en combustibles, lubricantes y tarifas de colectivos urbanos, adem\u00e1s de aumentos en autom\u00f3viles y pasajes a\u00e9reos. Restaurantes y hoteles avanzaron 4,3%, principalmente por el encarecimiento de los alimentos consumidos fuera del hogar.<\/p>\n\n\n\n<p>Alimentos y bebidas no alcoh\u00f3licas registraron un alza de 2,4%, con fuertes subas en carnes y derivados (7,4%) y en pan y cereales (2,0%), parcialmente compensadas por una baja de 5,9% en verduras, tub\u00e9rculos y legumbres.<\/p>\n\n\n\n<p>En tanto, vivienda, agua, electricidad, gas y otros combustibles aumentaron 2,1%, con incidencia de los ajustes en alquileres y expensas. Estas cuatro divisiones explicaron la mayor parte del incremento general de precios del mes,<\/p>\n","protected":false},"excerpt":{"rendered":"<p>El Indec inform\u00f3 el menor \u00cdndice de Precios al Consumidor desde 2017, cuando arroj\u00f3 24,8%. En diciembre, los precios subieron 2,8% La inflaci\u00f3n anual de 2025 lleg\u00f3 a\u00a031,5%, luego de cerrar diciembre en\u00a02,8%, seg\u00fan inform\u00f3 este martes el\u00a0Instituto Nacional de Estad\u00edstica y Censos (Indec). Se trata del nivel m\u00e1s bajo desde 2017 y los analistas [&hellip;]<\/p>\n","protected":false},"author":7,"featured_media":18529,"comment_status":"open","ping_status":"open","sticky":false,"template":"","format":"standard","meta":{"_themeisle_gutenberg_block_has_review":false,"footnotes":""},"categories":[6],"tags":[58],"class_list":["post-18528","post","type-post","status-publish","format-standard","has-post-thumbnail","hentry","category-economia","tag-jujuy"],"_links":{"self":[{"href":"https:\/\/horapicodigital.com.ar\/index.php\/wp-json\/wp\/v2\/posts\/18528","targetHints":{"allow":["GET"]}}],"collection":[{"href":"https:\/\/horapicodigital.com.ar\/index.php\/wp-json\/wp\/v2\/posts"}],"about":[{"href":"https:\/\/horapicodigital.com.ar\/index.php\/wp-json\/wp\/v2\/types\/post"}],"author":[{"embeddable":true,"href":"https:\/\/horapicodigital.com.ar\/index.php\/wp-json\/wp\/v2\/users\/7"}],"replies":[{"embeddable":true,"href":"https:\/\/horapicodigital.com.ar\/index.php\/wp-json\/wp\/v2\/comments?post=18528"}],"version-history":[{"count":1,"href":"https:\/\/horapicodigital.com.ar\/index.php\/wp-json\/wp\/v2\/posts\/18528\/revisions"}],"predecessor-version":[{"id":18530,"href":"https:\/\/horapicodigital.com.ar\/index.php\/wp-json\/wp\/v2\/posts\/18528\/revisions\/18530"}],"wp:featuredmedia":[{"embeddable":true,"href":"https:\/\/horapicodigital.com.ar\/index.php\/wp-json\/wp\/v2\/media\/18529"}],"wp:attachment":[{"href":"https:\/\/horapicodigital.com.ar\/index.php\/wp-json\/wp\/v2\/media?parent=18528"}],"wp:term":[{"taxonomy":"category","embeddable":true,"href":"https:\/\/horapicodigital.com.ar\/index.php\/wp-json\/wp\/v2\/categories?post=18528"},{"taxonomy":"post_tag","embeddable":true,"href":"https:\/\/horapicodigital.com.ar\/index.php\/wp-json\/wp\/v2\/tags?post=18528"}],"curies":[{"name":"wp","href":"https:\/\/api.w.org\/{rel}","templated":true}]}}