{"id":18525,"date":"2026-01-14T06:58:26","date_gmt":"2026-01-14T09:58:26","guid":{"rendered":"https:\/\/horapicodigital.com.ar\/?p=18525"},"modified":"2026-01-14T06:58:26","modified_gmt":"2026-01-14T09:58:26","slug":"epuyen-declaro-la-catastrofe-ignea-por-los-incendios-forestales-que-ya-afectaron-mas-de-12-mil-hectareas","status":"publish","type":"post","link":"https:\/\/horapicodigital.com.ar\/index.php\/2026\/01\/14\/epuyen-declaro-la-catastrofe-ignea-por-los-incendios-forestales-que-ya-afectaron-mas-de-12-mil-hectareas\/","title":{"rendered":"Epuy\u00e9n declar\u00f3 la cat\u00e1strofe \u00edgnea por los incendios forestales que ya afectaron m\u00e1s de 12 mil hect\u00e1reas"},"content":{"rendered":"\n<p>El Consejo Deliberante de la localidad aprob\u00f3 la medida que durar\u00e1 hasta mitad de a\u00f1o y habilit\u00f3 a que el Poder Ejecutivo local pueda pedir ayuda tanto de Naci\u00f3n como de la provincia.<\/p>\n\n\n\n<p>En medio de un nuevo foco activo que afecta a la localidad de\u00a0<strong>Epuy\u00e9n<\/strong>, el Consejo Deliberante de la ciudad decret\u00f3 la\u00a0<strong>Cat\u00e1strofe\u00a0\u00cdgnea, Social, Ambiental, Econ\u00f3mica, Tur\u00edstica, Habitacional y Sanitaria<\/strong>\u00a0en respuesta a los brutales\u00a0<strong>incendios forestales<\/strong>\u00a0que ya quemaron m\u00e1s de\u00a0<strong>12 mil hect\u00e1reas<\/strong>\u00a0en la zona.<\/p>\n\n\n\n<p>Todo esto se da en el marco de una reactivaci\u00f3n de las llamas en una ladera del cerro que bordea el\u00a0<strong>Lago Epuy\u00e9n\u00a0<\/strong>y que se ve afectado por las intensas r\u00e1fagas de viento en la zona que impulsa el fuego.<\/p>\n\n\n\n<p>Las r\u00e1fagas, que alcanzaron los 40 kil\u00f3metros, impulsaron el humo hacia el sur, en direcci\u00f3n al pueblo de\u00a0<strong>Epuy\u00e9n<\/strong>, y favoreci\u00f3 la propagaci\u00f3n de lenguas de fuego a trav\u00e9s de la vegetaci\u00f3n. Para esta tarde se espera que la<strong>\u00a0temperatura m\u00e1xima alcance los 22\u00b0C y una m\u00ednima humedad relativa del 20%<\/strong>. El viento del oeste mantendr\u00e1 hasta la noche\u00a0<strong>r\u00e1fagas m\u00e1ximas de 40 km\/h que se mantendr\u00e1n tambi\u00e9n durante la madrugada de este mi\u00e9rcoles<\/strong>.<\/p>\n\n\n\n<p>El punto positivo es que para ma\u00f1ana\u00a0<strong>se aguardan lluvias leves que se intensificar\u00e1n como precipitaciones constantes durante toda la tarde y noche<\/strong>. Deber\u00e1n convivir con vientos de hasta 50 km\/h.<\/p>\n\n\n\n<p>En ese sentido, la ordenanza municipal va en respuesta a los focos que vieron su origen el pasado 5 de enero y que ya afect\u00f3 a m\u00e1s del 50% del territorio de esta localidad. Entre los efectos, consideraron que las llamas est\u00e1n \u201cdevastando reservas naturales, destruyendo viviendas y afectando servicios b\u00e1sicos como energ\u00eda y agua potable\u201d.<\/p>\n\n\n\n<p>Cabe mencionar que el avance del fuego no solo ha provocado p\u00e9rdidas materiales, sino que tambi\u00e9n amenaza el equilibrio ecol\u00f3gico de toda la regi\u00f3n. Las reservas naturales, h\u00e1bitat de especies aut\u00f3ctonas y fuente de recursos para actividades productivas y tur\u00edsticas, sufren da\u00f1os irreversibles. El impacto econ\u00f3mico es significativo: la temporada alta de turismo se encuentra pr\u00e1cticamente suspendida y numerosas familias han debido abandonar sus viviendas ante el riesgo inminente.<\/p>\n\n\n\n<p>En s\u00ed, la&nbsp;<strong>ordenanza aprobada por el Consejo Deliberante<\/strong>&nbsp;faculta al Departamento Ejecutivo Municipal a tomar medidas extraordinarias durante el periodo de emergencia, que se extender\u00e1 hasta mediados de este a\u00f1o. Entre las atribuciones otorgadas figura la posibilidad de realizar contrataciones directas de bienes y servicios hasta el tope de 120 m\u00f3dulos provinciales, aceptar donaciones, y gestionar adecuaciones presupuestarias para responder a la urgencia. Adem\u00e1s, la normativa instruye a las autoridades locales a solicitar recursos al Gobierno Nacional y Provincial, con el objetivo de cubrir insumos esenciales, reconstruir viviendas, garantizar servicios b\u00e1sicos como energ\u00eda y agua potable, apoyar la recuperaci\u00f3n ambiental, respaldar al sector productivo y ganadero, brindar atenci\u00f3n sanitaria y otorgar subsidios a los sectores m\u00e1s afectados.<\/p>\n\n\n\n<p>En el plano nacional, la gravedad de los incendios forestales en la Patagonia motiv\u00f3 la reacci\u00f3n de legisladores y funcionarios. El diputado nacional&nbsp;<strong>Juan Pablo Luque<\/strong>&nbsp;(Uni\u00f3n por la Patria-Chubut) expres\u00f3 que, tras el desastre, \u201cnunca m\u00e1s se va a ver esta zona de la cordillera como se la conoc\u00eda\u201d y calific\u00f3 el impacto ambiental como \u201ctremendo\u201d, seg\u00fan declaraciones recogidas por&nbsp;<em>Noticias Argentinas<\/em>. Luque, junto a otros legisladores, present\u00f3 un proyecto de ley que declara la&nbsp;<em>Emergencia \u00cdgnea, Ambiental y Socioecon\u00f3mica en la Patagonia<\/em>, buscando habilitar un desembolso inmediato de fondos nacionales a trav\u00e9s de Aportes del Tesoro Nacional (ATN), asistencia directa a familias damnificadas, reconstrucci\u00f3n de viviendas y aumento de la Asignaci\u00f3n Universal por Hijo (AUH) en las \u00e1reas afectadas.<\/p>\n\n\n\n<p>El proyecto legislativo contempla, seg\u00fan explic\u00f3 Luque, \u201c<strong>habilitar partidas del Presupuesto, de manera extraordinaria porque es una emergencia<\/strong>\u201d, para paliar la situaci\u00f3n de quienes perdieron viviendas, ganado y actividad econ\u00f3mica en una temporada clave para la regi\u00f3n, especialmente en lo relativo al turismo. El diputado remarc\u00f3 que \u201c<strong>la gente que vive en la comarca andina vive durante el a\u00f1o con lo que se saca en la temporada de verano<\/strong>\u201d, al tiempo que propuso exenciones impositivas y un incremento en la AUH para quienes perdieron sus bienes.<\/p>\n\n\n\n<p>En su intervenci\u00f3n, Luque tambi\u00e9n critic\u00f3 la actitud del Gobierno nacional en el manejo de la emergencia, se\u00f1alando que desde el Ejecutivo se intent\u00f3 vincular injustamente a sectores de la comunidad mapuche con el origen de los incendios. \u201cBuscan estigmatizar a un sector como los mapuches, que hasta un fiscal y los gobiernos provinciales han asegurado que no han tenido ninguna incidencia en estos incendios\u201d, afirm\u00f3, y agreg\u00f3 que \u201cel Gobierno nacional debe mostrar una sensibilidad que hasta ahora no ha tenido y que se vio cuando el Presidente se expres\u00f3 con un mensaje muy fr\u00edo\u201d.<\/p>\n","protected":false},"excerpt":{"rendered":"<p>El Consejo Deliberante de la localidad aprob\u00f3 la medida que durar\u00e1 hasta mitad de a\u00f1o y habilit\u00f3 a que el Poder Ejecutivo local pueda pedir ayuda tanto de Naci\u00f3n como de la provincia. En medio de un nuevo foco activo que afecta a la localidad de\u00a0Epuy\u00e9n, el Consejo Deliberante de la ciudad decret\u00f3 la\u00a0Cat\u00e1strofe\u00a0\u00cdgnea, Social, [&hellip;]<\/p>\n","protected":false},"author":7,"featured_media":18526,"comment_status":"open","ping_status":"open","sticky":false,"template":"","format":"standard","meta":{"_themeisle_gutenberg_block_has_review":false,"footnotes":""},"categories":[2711],"tags":[58],"class_list":["post-18525","post","type-post","status-publish","format-standard","has-post-thumbnail","hentry","category-clima","tag-jujuy"],"_links":{"self":[{"href":"https:\/\/horapicodigital.com.ar\/index.php\/wp-json\/wp\/v2\/posts\/18525","targetHints":{"allow":["GET"]}}],"collection":[{"href":"https:\/\/horapicodigital.com.ar\/index.php\/wp-json\/wp\/v2\/posts"}],"about":[{"href":"https:\/\/horapicodigital.com.ar\/index.php\/wp-json\/wp\/v2\/types\/post"}],"author":[{"embeddable":true,"href":"https:\/\/horapicodigital.com.ar\/index.php\/wp-json\/wp\/v2\/users\/7"}],"replies":[{"embeddable":true,"href":"https:\/\/horapicodigital.com.ar\/index.php\/wp-json\/wp\/v2\/comments?post=18525"}],"version-history":[{"count":1,"href":"https:\/\/horapicodigital.com.ar\/index.php\/wp-json\/wp\/v2\/posts\/18525\/revisions"}],"predecessor-version":[{"id":18527,"href":"https:\/\/horapicodigital.com.ar\/index.php\/wp-json\/wp\/v2\/posts\/18525\/revisions\/18527"}],"wp:featuredmedia":[{"embeddable":true,"href":"https:\/\/horapicodigital.com.ar\/index.php\/wp-json\/wp\/v2\/media\/18526"}],"wp:attachment":[{"href":"https:\/\/horapicodigital.com.ar\/index.php\/wp-json\/wp\/v2\/media?parent=18525"}],"wp:term":[{"taxonomy":"category","embeddable":true,"href":"https:\/\/horapicodigital.com.ar\/index.php\/wp-json\/wp\/v2\/categories?post=18525"},{"taxonomy":"post_tag","embeddable":true,"href":"https:\/\/horapicodigital.com.ar\/index.php\/wp-json\/wp\/v2\/tags?post=18525"}],"curies":[{"name":"wp","href":"https:\/\/api.w.org\/{rel}","templated":true}]}}