{"id":18496,"date":"2026-01-13T16:51:22","date_gmt":"2026-01-13T19:51:22","guid":{"rendered":"https:\/\/horapicodigital.com.ar\/?p=18496"},"modified":"2026-01-13T16:51:22","modified_gmt":"2026-01-13T19:51:22","slug":"rescataron-a-una-mujer-de-78-anos-que-estaba-desaparecida-habia-caido-a-un-arroyo","status":"publish","type":"post","link":"https:\/\/horapicodigital.com.ar\/index.php\/2026\/01\/13\/rescataron-a-una-mujer-de-78-anos-que-estaba-desaparecida-habia-caido-a-un-arroyo\/","title":{"rendered":"Rescataron a una mujer de 78 a\u00f1os que estaba desaparecida: hab\u00eda ca\u00eddo a un arroyo"},"content":{"rendered":"\n<p>Fue localizada en un sector de dif\u00edcil acceso en la zona de Bajo La Vi\u00f1a, con signos de hipotermia y un golpe en la cabeza.<\/p>\n\n\n\n<p>Una<strong>&nbsp;mujer de 78 a\u00f1os&nbsp;<\/strong>fue rescatada este lunes tras haber ca\u00eddo a un&nbsp;<strong>arroyo en la zona de Bajo La Vi\u00f1a<\/strong>. Se trata de Pastora Valerio, quien se encontraba desaparecida desde el 10 de enero, seg\u00fan hab\u00eda publicado el&nbsp;<strong>Comit\u00e9 Interinstitucional de Actuaci\u00f3n en Casos de Desaparici\u00f3n de Mujeres, Ni\u00f1as, Ni\u00f1os, Adolescentes y Personas de la Diversidad (CINDAC)<\/strong>.<\/p>\n\n\n\n<p>La denuncia por su ausencia fue radicada por familiares el d\u00eda 11, lo que activ\u00f3 un operativo de b\u00fasqueda con la intervenci\u00f3n de distintas dependencias policiales. Tras varios rastrillajes sin resultados, cerca de las 13:10 de la jornada de hoy, efectivos de la Divisi\u00f3n Rescate y Salvamento se dirigieron a la zona del Puente Arias, donde realizaron un recorrido por terrenos de dif\u00edcil acceso.<\/p>\n\n\n\n<p>El personal avanz\u00f3 aproximadamente 500 metros entre la vegetaci\u00f3n hasta las inmediaciones de la finca La Vi\u00f1a, donde hallaron a la mujer tendida dentro de un arroyo con agua. Al momento del hallazgo, presentaba el cuerpo fr\u00edo al tacto.<\/p>\n\n\n\n<p>Los rescatistas procedieron a estabilizarla e inmovilizarla en una tabla r\u00edgida y luego la trasladaron a pie hasta un sector accesible para veh\u00edculos. En el lugar intervino personal del SAME, que constat\u00f3 un golpe en la cabeza. La mujer se encontraba consciente y fue derivada al hospital para su atenci\u00f3n.<\/p>\n\n\n\n<p><strong>En el operativo participaron efectivos de la Divisi\u00f3n Rescate y Salvamento, personal de Canes, de la Comisar\u00eda Seccional 50 y vecinos de la zona.<\/strong><\/p>\n\n\n\n<p><\/p>\n","protected":false},"excerpt":{"rendered":"<p>Fue localizada en un sector de dif\u00edcil acceso en la zona de Bajo La Vi\u00f1a, con signos de hipotermia y un golpe en la cabeza. Una&nbsp;mujer de 78 a\u00f1os&nbsp;fue rescatada este lunes tras haber ca\u00eddo a un&nbsp;arroyo en la zona de Bajo La Vi\u00f1a. Se trata de Pastora Valerio, quien se encontraba desaparecida desde el [&hellip;]<\/p>\n","protected":false},"author":7,"featured_media":18497,"comment_status":"open","ping_status":"open","sticky":false,"template":"","format":"standard","meta":{"_themeisle_gutenberg_block_has_review":false,"footnotes":""},"categories":[2797,2711],"tags":[58],"class_list":["post-18496","post","type-post","status-publish","format-standard","has-post-thumbnail","hentry","category-accidente","category-clima","tag-jujuy"],"_links":{"self":[{"href":"https:\/\/horapicodigital.com.ar\/index.php\/wp-json\/wp\/v2\/posts\/18496","targetHints":{"allow":["GET"]}}],"collection":[{"href":"https:\/\/horapicodigital.com.ar\/index.php\/wp-json\/wp\/v2\/posts"}],"about":[{"href":"https:\/\/horapicodigital.com.ar\/index.php\/wp-json\/wp\/v2\/types\/post"}],"author":[{"embeddable":true,"href":"https:\/\/horapicodigital.com.ar\/index.php\/wp-json\/wp\/v2\/users\/7"}],"replies":[{"embeddable":true,"href":"https:\/\/horapicodigital.com.ar\/index.php\/wp-json\/wp\/v2\/comments?post=18496"}],"version-history":[{"count":1,"href":"https:\/\/horapicodigital.com.ar\/index.php\/wp-json\/wp\/v2\/posts\/18496\/revisions"}],"predecessor-version":[{"id":18498,"href":"https:\/\/horapicodigital.com.ar\/index.php\/wp-json\/wp\/v2\/posts\/18496\/revisions\/18498"}],"wp:featuredmedia":[{"embeddable":true,"href":"https:\/\/horapicodigital.com.ar\/index.php\/wp-json\/wp\/v2\/media\/18497"}],"wp:attachment":[{"href":"https:\/\/horapicodigital.com.ar\/index.php\/wp-json\/wp\/v2\/media?parent=18496"}],"wp:term":[{"taxonomy":"category","embeddable":true,"href":"https:\/\/horapicodigital.com.ar\/index.php\/wp-json\/wp\/v2\/categories?post=18496"},{"taxonomy":"post_tag","embeddable":true,"href":"https:\/\/horapicodigital.com.ar\/index.php\/wp-json\/wp\/v2\/tags?post=18496"}],"curies":[{"name":"wp","href":"https:\/\/api.w.org\/{rel}","templated":true}]}}