{"id":18461,"date":"2026-01-13T09:05:07","date_gmt":"2026-01-13T12:05:07","guid":{"rendered":"https:\/\/horapicodigital.com.ar\/?p=18461"},"modified":"2026-01-13T09:05:07","modified_gmt":"2026-01-13T12:05:07","slug":"martes-agradable-en-san-salvador-de-jujuy-pero-con-alerta-amarilla-en-quebrada-y-puna","status":"publish","type":"post","link":"https:\/\/horapicodigital.com.ar\/index.php\/2026\/01\/13\/martes-agradable-en-san-salvador-de-jujuy-pero-con-alerta-amarilla-en-quebrada-y-puna\/","title":{"rendered":"Martes agradable en San Salvador de Jujuy, pero con alerta amarilla en Quebrada y Puna"},"content":{"rendered":"\n<p>Hoy martes se presenta con una\u00a0<strong>temperatura m\u00ednima de 17 \u00b0C y una m\u00e1xima que alcanzar\u00e1 los 27 \u00b0C<\/strong>, seg\u00fan los datos del Servicio Meteorol\u00f3gico Nacional y el pron\u00f3stico local para la provincia de Jujuy.<\/p>\n\n\n\n<p>El cielo ofrecer\u00e1 una\u00a0<strong>primera parte del d\u00eda con predominio de sol y condiciones agradables<\/strong>, dejando una ma\u00f1ana templada y propicia para actividades al aire libre. A medida que avance la jornada, el ambiente\u00a0<strong>seguir\u00eda mayormente estable<\/strong>, con\u00a0<strong>bajas probabilidades de lluvias hacia la tarde y noche<\/strong>, aunque no se descartan desarrollos nubosos aislados propios del verano.<\/p>\n\n\n\n<p>Los vientos soplar\u00e1n&nbsp;<strong>ligeros desde el sudoeste durante gran parte del d\u00eda<\/strong>, con velocidades suaves que no perturbar\u00e1n las condiciones agradables. La humedad relativa se mantendr\u00e1 moderada, favoreciendo una tarde c\u00e1lida sin excesos.<\/p>\n\n\n\n<p>Para la noche,&nbsp;<strong>las probabilidades de precipitaciones ser\u00e1n bajas<\/strong>, aunque algunos modelos meteorol\u00f3gicos sugieren que el cielo podr\u00eda cubrirse parcialmente hacia las \u00faltimas horas, sin embargo&nbsp;<strong>no se esperan lluvias significativas<\/strong>.<\/p>\n\n\n\n<p>Mientras que en la&nbsp;<strong>Puna y parte de Quebrada<\/strong>, rige un&nbsp;<strong>alerta amarillo por lluvias y tormentas&nbsp;<\/strong>algunas de elevada intensidad.<\/p>\n","protected":false},"excerpt":{"rendered":"<p>Hoy martes se presenta con una\u00a0temperatura m\u00ednima de 17 \u00b0C y una m\u00e1xima que alcanzar\u00e1 los 27 \u00b0C, seg\u00fan los datos del Servicio Meteorol\u00f3gico Nacional y el pron\u00f3stico local para la provincia de Jujuy. El cielo ofrecer\u00e1 una\u00a0primera parte del d\u00eda con predominio de sol y condiciones agradables, dejando una ma\u00f1ana templada y propicia para [&hellip;]<\/p>\n","protected":false},"author":7,"featured_media":18462,"comment_status":"open","ping_status":"open","sticky":false,"template":"","format":"standard","meta":{"_themeisle_gutenberg_block_has_review":false,"footnotes":""},"categories":[2711],"tags":[58],"class_list":["post-18461","post","type-post","status-publish","format-standard","has-post-thumbnail","hentry","category-clima","tag-jujuy"],"_links":{"self":[{"href":"https:\/\/horapicodigital.com.ar\/index.php\/wp-json\/wp\/v2\/posts\/18461","targetHints":{"allow":["GET"]}}],"collection":[{"href":"https:\/\/horapicodigital.com.ar\/index.php\/wp-json\/wp\/v2\/posts"}],"about":[{"href":"https:\/\/horapicodigital.com.ar\/index.php\/wp-json\/wp\/v2\/types\/post"}],"author":[{"embeddable":true,"href":"https:\/\/horapicodigital.com.ar\/index.php\/wp-json\/wp\/v2\/users\/7"}],"replies":[{"embeddable":true,"href":"https:\/\/horapicodigital.com.ar\/index.php\/wp-json\/wp\/v2\/comments?post=18461"}],"version-history":[{"count":1,"href":"https:\/\/horapicodigital.com.ar\/index.php\/wp-json\/wp\/v2\/posts\/18461\/revisions"}],"predecessor-version":[{"id":18463,"href":"https:\/\/horapicodigital.com.ar\/index.php\/wp-json\/wp\/v2\/posts\/18461\/revisions\/18463"}],"wp:featuredmedia":[{"embeddable":true,"href":"https:\/\/horapicodigital.com.ar\/index.php\/wp-json\/wp\/v2\/media\/18462"}],"wp:attachment":[{"href":"https:\/\/horapicodigital.com.ar\/index.php\/wp-json\/wp\/v2\/media?parent=18461"}],"wp:term":[{"taxonomy":"category","embeddable":true,"href":"https:\/\/horapicodigital.com.ar\/index.php\/wp-json\/wp\/v2\/categories?post=18461"},{"taxonomy":"post_tag","embeddable":true,"href":"https:\/\/horapicodigital.com.ar\/index.php\/wp-json\/wp\/v2\/tags?post=18461"}],"curies":[{"name":"wp","href":"https:\/\/api.w.org\/{rel}","templated":true}]}}