{"id":18450,"date":"2026-01-12T07:05:22","date_gmt":"2026-01-12T10:05:22","guid":{"rendered":"https:\/\/horapicodigital.com.ar\/?p=18450"},"modified":"2026-01-12T07:05:22","modified_gmt":"2026-01-12T10:05:22","slug":"chubut-comenzo-a-llover-en-la-zona-de-los-incendios","status":"publish","type":"post","link":"https:\/\/horapicodigital.com.ar\/index.php\/2026\/01\/12\/chubut-comenzo-a-llover-en-la-zona-de-los-incendios\/","title":{"rendered":"Chubut: comenz\u00f3 a llover en la zona de los incendios"},"content":{"rendered":"\n<p>Las primeras precipitaciones llegaron este domingo a la Comarca Andina y aportan un respiro clave para los brigadistas que contin\u00faan trabajando en las zonas afectadas.<\/p>\n\n\n\n<p>Las condiciones clim\u00e1ticas comenzaron a cambiar este domingo en la comarca andina de&nbsp;<strong>Chubut<\/strong>,&nbsp;<strong>donde alrededor de las 14 se registraron las primeras lluvias en las zonas afectadas por los incendios forestales&nbsp;<\/strong>que desde hace d\u00edas mantienen en alerta a la provincia.<\/p>\n\n\n\n<p>Seg\u00fan confirmaron fuentes en el lugar, las precipitaciones se iniciaron en&nbsp;<strong>Epuy\u00e9n&nbsp;<\/strong>y se extendieron hacia otros puntos de la regi\u00f3n, como<strong>&nbsp;Esquel, El Hoyo, el Parque Nacional Los Alerces y el paraje Rinc\u00f3n de Lobos<\/strong>. Si bien no se trata de lluvias intensas, el fen\u00f3meno representa un aporte significativo para las tareas de combate del fuego que llevan adelante brigadistas y bomberos.<\/p>\n\n\n\n<p><strong>Para este domingo se esperan entre 5 y 7 mil\u00edmetros de lluvia.&nbsp;<\/strong>Los especialistas indicaron que es una cantidad insuficiente para extinguir por completo los focos activos, pero suficiente para humedecer el terreno, bajar la temperatura y reducir las condiciones de propagaci\u00f3n. El pron\u00f3stico tambi\u00e9n anticipa un alivio t\u00e9rmico para el lunes, con una m\u00ednima de 5 grados y una m\u00e1xima cercana a los 20, muy por debajo de los m\u00e1s de 30 grados registrados en los d\u00edas previos al avance del fuego.<\/p>\n\n\n\n<p>En paralelo al alivio clim\u00e1tico, el Gobierno de Chubut confirm\u00f3 que los incendios fueron intencionales. El gobernador<strong>&nbsp;Ignacio Torres<\/strong>&nbsp;asegur\u00f3 que se avanzar\u00e1 con la investigaci\u00f3n y prometi\u00f3<strong>&nbsp;\u201cmedidas ejemplificadoras\u201d&nbsp;<\/strong>para los responsables.<\/p>\n\n\n\n<p>El contexto agrega una fuerte carga pol\u00edtica y social: hacia finales de 2025, el Gobierno de<strong>&nbsp;Javier Milei<\/strong>&nbsp;anunci\u00f3 modificaciones a las Leyes de Tierras y de Bosques, que habilitan a privados internacionales a quedarse con terrenos quemados,&nbsp;<strong>una medida que gener\u00f3 cuestionamientos y encendi\u00f3 alarmas en regiones hist\u00f3ricamente afectadas por el fuego.<\/strong><\/p>\n\n\n\n<p>Por ahora, la lluvia trae un respiro. Pero en la Patagonia, marcada por la sequ\u00eda y los incendios recurrentes, nadie baja la guardia. \u00abCreo que ahora vamos a tener un respiro pero no podemos bajar la guardia porque hay mucha sequia en la Patagonia.<strong>\u00a0Esta temporada va a estar bastante complacida\u00bb<\/strong>, advirti\u00f3 uno de los bomberos que se mantiene en la zona.<a href=\"https:\/\/www.somosjujuy.com.ar\/nacionales\/chile-ofrecio-ayuda-combatir-incendios-chubut-inicio-fuego-habria-sido-intencional-n112714\"><\/a><\/p>\n\n\n\n<p><\/p>\n","protected":false},"excerpt":{"rendered":"<p>Las primeras precipitaciones llegaron este domingo a la Comarca Andina y aportan un respiro clave para los brigadistas que contin\u00faan trabajando en las zonas afectadas. Las condiciones clim\u00e1ticas comenzaron a cambiar este domingo en la comarca andina de&nbsp;Chubut,&nbsp;donde alrededor de las 14 se registraron las primeras lluvias en las zonas afectadas por los incendios forestales&nbsp;que [&hellip;]<\/p>\n","protected":false},"author":7,"featured_media":18451,"comment_status":"open","ping_status":"open","sticky":false,"template":"","format":"standard","meta":{"_themeisle_gutenberg_block_has_review":false,"footnotes":""},"categories":[2711],"tags":[58],"class_list":["post-18450","post","type-post","status-publish","format-standard","has-post-thumbnail","hentry","category-clima","tag-jujuy"],"_links":{"self":[{"href":"https:\/\/horapicodigital.com.ar\/index.php\/wp-json\/wp\/v2\/posts\/18450","targetHints":{"allow":["GET"]}}],"collection":[{"href":"https:\/\/horapicodigital.com.ar\/index.php\/wp-json\/wp\/v2\/posts"}],"about":[{"href":"https:\/\/horapicodigital.com.ar\/index.php\/wp-json\/wp\/v2\/types\/post"}],"author":[{"embeddable":true,"href":"https:\/\/horapicodigital.com.ar\/index.php\/wp-json\/wp\/v2\/users\/7"}],"replies":[{"embeddable":true,"href":"https:\/\/horapicodigital.com.ar\/index.php\/wp-json\/wp\/v2\/comments?post=18450"}],"version-history":[{"count":1,"href":"https:\/\/horapicodigital.com.ar\/index.php\/wp-json\/wp\/v2\/posts\/18450\/revisions"}],"predecessor-version":[{"id":18452,"href":"https:\/\/horapicodigital.com.ar\/index.php\/wp-json\/wp\/v2\/posts\/18450\/revisions\/18452"}],"wp:featuredmedia":[{"embeddable":true,"href":"https:\/\/horapicodigital.com.ar\/index.php\/wp-json\/wp\/v2\/media\/18451"}],"wp:attachment":[{"href":"https:\/\/horapicodigital.com.ar\/index.php\/wp-json\/wp\/v2\/media?parent=18450"}],"wp:term":[{"taxonomy":"category","embeddable":true,"href":"https:\/\/horapicodigital.com.ar\/index.php\/wp-json\/wp\/v2\/categories?post=18450"},{"taxonomy":"post_tag","embeddable":true,"href":"https:\/\/horapicodigital.com.ar\/index.php\/wp-json\/wp\/v2\/tags?post=18450"}],"curies":[{"name":"wp","href":"https:\/\/api.w.org\/{rel}","templated":true}]}}