{"id":18431,"date":"2026-01-10T09:34:10","date_gmt":"2026-01-10T12:34:10","guid":{"rendered":"https:\/\/horapicodigital.com.ar\/?p=18431"},"modified":"2026-01-10T09:34:10","modified_gmt":"2026-01-10T12:34:10","slug":"cierran-el-mercado-6-de-agosto-parte-del-fin-de-semana-los-detalles","status":"publish","type":"post","link":"https:\/\/horapicodigital.com.ar\/index.php\/2026\/01\/10\/cierran-el-mercado-6-de-agosto-parte-del-fin-de-semana-los-detalles\/","title":{"rendered":"Cierran el Mercado 6 de Agosto parte del fin de semana: los detalles"},"content":{"rendered":"\n<p>La Municipalidad de San Salvador de Jujuy inform\u00f3 que este fin de semana fumigar\u00e1n el Mercado 6 de Agosto, por lo que permanecer\u00e1 cerrado.<\/p>\n\n\n\n<p><strong>El Mercado Central 6 de Agosto de San Salvador de Jujuy permanecer\u00e1 cerrado durante parte del fin de semana<\/strong>\u00a0debido a tareas de fumigaci\u00f3n programadas por la Municipalidad de San Salvador de Jujuy, en el marco de acciones sanitarias preventivas en uno de los principales espacios comerciales de la ciudad.<\/p>\n\n\n\n<p>Seg\u00fan la informaci\u00f3n oficial,&nbsp;<strong>el cierre comenzar\u00e1 el s\u00e1bado 10 de enero a partir de las 15.30 horas y se extender\u00e1 durante toda la jornada del domingo 11<\/strong>. La medida alcanza a todo el edificio del mercado y responde a trabajos de control sanitario previstos con antelaci\u00f3n.<\/p>\n\n\n\n<h2 class=\"wp-block-heading\"><strong>Cambios en la atenci\u00f3n del s\u00e1bado<\/strong><\/h2>\n\n\n\n<p>Como consecuencia del operativo, las autoridades informaron que el s\u00e1bado todos los puestos funcionar\u00e1n en horario corrido. La atenci\u00f3n al p\u00fablico ser\u00e1 desde las 9 hasta las 15.30 horas, sin interrupciones, para permitir el normal desarrollo de la actividad comercial antes del cierre total del predio.<\/p>\n\n\n\n<p>Desde la administraci\u00f3n del mercado se\u00f1alaron que esta modalidad busca garantizar el abastecimiento y facilitar las compras de vecinos y vecinas que habitualmente concurren al lugar durante el fin de semana.<\/p>\n\n\n\n<h2 class=\"wp-block-heading\"><strong>Cierre total durante el domingo<\/strong><\/h2>\n\n\n\n<p><strong>Durante el domingo 11 de enero, el Mercado 6 de Agosto permanecer\u00e1 completamente cerrado al p\u00fablico<\/strong>. En esa jornada se concentrar\u00e1n las tareas de fumigaci\u00f3n en todos los sectores, con el objetivo de asegurar condiciones sanitarias adecuadas para comerciantes y clientes.<\/p>\n\n\n\n<p>El operativo se enmarca en acciones peri\u00f3dicas que se realizan en mercados municipales, especialmente en temporada de altas temperaturas, cuando se intensifican los controles de higiene y sanidad.<\/p>\n\n\n\n<p>El lunes 12 de enero el mercado retomar\u00e1 su funcionamiento normal, con los horarios habituales de atenci\u00f3n en todos los puestos.<\/p>\n","protected":false},"excerpt":{"rendered":"<p>La Municipalidad de San Salvador de Jujuy inform\u00f3 que este fin de semana fumigar\u00e1n el Mercado 6 de Agosto, por lo que permanecer\u00e1 cerrado. El Mercado Central 6 de Agosto de San Salvador de Jujuy permanecer\u00e1 cerrado durante parte del fin de semana\u00a0debido a tareas de fumigaci\u00f3n programadas por la Municipalidad de San Salvador de [&hellip;]<\/p>\n","protected":false},"author":7,"featured_media":18432,"comment_status":"open","ping_status":"open","sticky":false,"template":"","format":"standard","meta":{"_themeisle_gutenberg_block_has_review":false,"footnotes":""},"categories":[2714,118],"tags":[58],"class_list":["post-18431","post","type-post","status-publish","format-standard","has-post-thumbnail","hentry","category-shows-y-eventos","category-sociedad","tag-jujuy"],"_links":{"self":[{"href":"https:\/\/horapicodigital.com.ar\/index.php\/wp-json\/wp\/v2\/posts\/18431","targetHints":{"allow":["GET"]}}],"collection":[{"href":"https:\/\/horapicodigital.com.ar\/index.php\/wp-json\/wp\/v2\/posts"}],"about":[{"href":"https:\/\/horapicodigital.com.ar\/index.php\/wp-json\/wp\/v2\/types\/post"}],"author":[{"embeddable":true,"href":"https:\/\/horapicodigital.com.ar\/index.php\/wp-json\/wp\/v2\/users\/7"}],"replies":[{"embeddable":true,"href":"https:\/\/horapicodigital.com.ar\/index.php\/wp-json\/wp\/v2\/comments?post=18431"}],"version-history":[{"count":1,"href":"https:\/\/horapicodigital.com.ar\/index.php\/wp-json\/wp\/v2\/posts\/18431\/revisions"}],"predecessor-version":[{"id":18433,"href":"https:\/\/horapicodigital.com.ar\/index.php\/wp-json\/wp\/v2\/posts\/18431\/revisions\/18433"}],"wp:featuredmedia":[{"embeddable":true,"href":"https:\/\/horapicodigital.com.ar\/index.php\/wp-json\/wp\/v2\/media\/18432"}],"wp:attachment":[{"href":"https:\/\/horapicodigital.com.ar\/index.php\/wp-json\/wp\/v2\/media?parent=18431"}],"wp:term":[{"taxonomy":"category","embeddable":true,"href":"https:\/\/horapicodigital.com.ar\/index.php\/wp-json\/wp\/v2\/categories?post=18431"},{"taxonomy":"post_tag","embeddable":true,"href":"https:\/\/horapicodigital.com.ar\/index.php\/wp-json\/wp\/v2\/tags?post=18431"}],"curies":[{"name":"wp","href":"https:\/\/api.w.org\/{rel}","templated":true}]}}