{"id":18415,"date":"2026-01-09T03:40:09","date_gmt":"2026-01-09T06:40:09","guid":{"rendered":"https:\/\/horapicodigital.com.ar\/?p=18415"},"modified":"2026-01-09T03:40:10","modified_gmt":"2026-01-09T06:40:10","slug":"sacudon-en-el-folklore-suspendieron-la-primera-noche-del-festival-de-jesus-maria-2026","status":"publish","type":"post","link":"https:\/\/horapicodigital.com.ar\/index.php\/2026\/01\/09\/sacudon-en-el-folklore-suspendieron-la-primera-noche-del-festival-de-jesus-maria-2026\/","title":{"rendered":"Sacud\u00f3n en el folklore:\u00a0suspendieron la primera noche del Festival de Jes\u00fas Mar\u00eda 2026"},"content":{"rendered":"\n<p>El Festival Nacional de Doma y Folklore de Jes\u00fas Mar\u00eda 2026 no comenzar\u00e1 este jueves 8 de enero. Qu\u00e9 pas\u00f3 y c\u00f3mo ser\u00e1 el reintegro de las entradas.<\/p>\n\n\n\n<p>El\u00a0<strong>Festival Nacional de Doma y Folklore de Jes\u00fas Mar\u00eda<\/strong>\u00a0suspendi\u00f3 la primera noche que iba a llevarse adelante este jueves 8 de enero en su edici\u00f3n 2026. La organizaci\u00f3n lo comunic\u00f3 en sus redes sociales oficiales, caus\u00f3 desaz\u00f3n en los fan\u00e1ticos de la\u00a0<strong>m\u00fasica popular<\/strong>\u00a0y se supo que tomaron esta dr\u00e1stica decisi\u00f3n debido a las\u00a0<strong>malas condiciones clim\u00e1ticas<\/strong>\u00a0que jugaron una mala pasada con la realizaci\u00f3n del evento.<\/p>\n\n\n\n<p>La organizaci\u00f3n del&nbsp;<strong>Festival Nacional de Doma y Folklore de Jes\u00fas Mar\u00eda<\/strong>&nbsp;anunci\u00f3 la cancelaci\u00f3n de la jornada inaugural de su 60\u00b0 edici\u00f3n debido al mal tiempo. El&nbsp;<strong>presidente de la Comisi\u00f3n del evento, Juan L\u00f3pez<\/strong>, fue quien comunic\u00f3 oficialmente la suspensi\u00f3n de la tradicional apertura que iba a contar con la participaci\u00f3n de&nbsp;<strong>Jairo, Destino San Javier, Los Nombradores del Alba, Dami\u00e1n C\u00f3rdoba, Nati Pastorutti, Decime Chango y Bien Argentino.<\/strong><\/p>\n\n\n\n<p>Las&nbsp;<strong>alertas meteorol\u00f3gicas en nivel naranja y amarillo<\/strong>&nbsp;por&nbsp;<strong>tormentas&nbsp;<\/strong>en la provincia de&nbsp;<strong>C\u00f3rdoba&nbsp;<\/strong>anunciadas por el&nbsp;<strong>Servicio Meteorol\u00f3gico Nacional (SMN)<\/strong>&nbsp;fueron determinantes para tomar esta decisi\u00f3n. \u201cLa seguridad de nuestro p\u00fablico y de todos los que forman parte del Festival es nuestra prioridad absoluta. Ante las condiciones clim\u00e1ticas adversas en la regi\u00f3n, el Festival informa que la jornada de hoy, jueves 8 de enero, queda suspendida\u201d, public\u00f3 el Festival Nacional de Doma y Folklore de Jes\u00fas Mar\u00eda en sus redes sociales.<\/p>\n\n\n\n<p>Adem\u00e1s, aclararon que&nbsp;<strong>las entradas correspondientes a esta fecha no podr\u00e1n ser utilizadas para otras noches del evento<\/strong>. Posteriormente, brindaron informaci\u00f3n para solicitar el reembolso y agregaron: \u201cAgradecemos su comprensi\u00f3n y acompa\u00f1amiento de siempre\u201d.<\/p>\n","protected":false},"excerpt":{"rendered":"<p>El Festival Nacional de Doma y Folklore de Jes\u00fas Mar\u00eda 2026 no comenzar\u00e1 este jueves 8 de enero. Qu\u00e9 pas\u00f3 y c\u00f3mo ser\u00e1 el reintegro de las entradas. El\u00a0Festival Nacional de Doma y Folklore de Jes\u00fas Mar\u00eda\u00a0suspendi\u00f3 la primera noche que iba a llevarse adelante este jueves 8 de enero en su edici\u00f3n 2026. La [&hellip;]<\/p>\n","protected":false},"author":7,"featured_media":18416,"comment_status":"open","ping_status":"open","sticky":false,"template":"","format":"standard","meta":{"_themeisle_gutenberg_block_has_review":false,"footnotes":""},"categories":[2714],"tags":[58],"class_list":["post-18415","post","type-post","status-publish","format-standard","has-post-thumbnail","hentry","category-shows-y-eventos","tag-jujuy"],"_links":{"self":[{"href":"https:\/\/horapicodigital.com.ar\/index.php\/wp-json\/wp\/v2\/posts\/18415","targetHints":{"allow":["GET"]}}],"collection":[{"href":"https:\/\/horapicodigital.com.ar\/index.php\/wp-json\/wp\/v2\/posts"}],"about":[{"href":"https:\/\/horapicodigital.com.ar\/index.php\/wp-json\/wp\/v2\/types\/post"}],"author":[{"embeddable":true,"href":"https:\/\/horapicodigital.com.ar\/index.php\/wp-json\/wp\/v2\/users\/7"}],"replies":[{"embeddable":true,"href":"https:\/\/horapicodigital.com.ar\/index.php\/wp-json\/wp\/v2\/comments?post=18415"}],"version-history":[{"count":1,"href":"https:\/\/horapicodigital.com.ar\/index.php\/wp-json\/wp\/v2\/posts\/18415\/revisions"}],"predecessor-version":[{"id":18417,"href":"https:\/\/horapicodigital.com.ar\/index.php\/wp-json\/wp\/v2\/posts\/18415\/revisions\/18417"}],"wp:featuredmedia":[{"embeddable":true,"href":"https:\/\/horapicodigital.com.ar\/index.php\/wp-json\/wp\/v2\/media\/18416"}],"wp:attachment":[{"href":"https:\/\/horapicodigital.com.ar\/index.php\/wp-json\/wp\/v2\/media?parent=18415"}],"wp:term":[{"taxonomy":"category","embeddable":true,"href":"https:\/\/horapicodigital.com.ar\/index.php\/wp-json\/wp\/v2\/categories?post=18415"},{"taxonomy":"post_tag","embeddable":true,"href":"https:\/\/horapicodigital.com.ar\/index.php\/wp-json\/wp\/v2\/tags?post=18415"}],"curies":[{"name":"wp","href":"https:\/\/api.w.org\/{rel}","templated":true}]}}