{"id":18393,"date":"2026-01-09T03:18:45","date_gmt":"2026-01-09T06:18:45","guid":{"rendered":"https:\/\/horapicodigital.com.ar\/?p=18393"},"modified":"2026-01-09T03:18:46","modified_gmt":"2026-01-09T06:18:46","slug":"el-cine-movil-brindara-una-funcion-al-aire-libre-en-purmamarca","status":"publish","type":"post","link":"https:\/\/horapicodigital.com.ar\/index.php\/2026\/01\/09\/el-cine-movil-brindara-una-funcion-al-aire-libre-en-purmamarca\/","title":{"rendered":"El Cine M\u00f3vil brindar\u00e1 una funci\u00f3n al aire libre en Purmamarca"},"content":{"rendered":"\n<p>La funci\u00f3n ser\u00e1 este viernes a las 20 horas en la plaza principal en el marco del Encuentro de Copleros.<\/p>\n\n\n\n<p>El equipo de\u00a0<strong>Cine<\/strong>\u00a0<strong>M\u00f3vil\u00a0<\/strong>inicia su recorrido de funciones por el interior de la provincia con la proyecci\u00f3n del\u00a0<strong>cortometraje documental\u00a0<\/strong>\u201c<em>El fluir del alma<\/em>\u201d que recorre el 40\u00b0 Encuentro de Copleros de Purmamarca. Esta actividad se realizar\u00e1 en el marco del 41\u00ba Encuentro de Copleros 2026, el tradicional evento cultural que convoca a la comunidad de Purmamarca.<\/p>\n\n\n\n<p>La funci\u00f3n tendr\u00e1 lugar el d\u00eda viernes 9 a las 20 horas en la plaza principal y contar\u00e1 con presencia del director Sim\u00f3n Baeza y de la productora Canela \u00c1lvarez, quienes acompa\u00f1ar\u00e1n a la comunidad en el estreno de cortometraje.<\/p>\n\n\n\n<p><strong>La proyecci\u00f3n ser\u00e1 al aire libre y con entrada libre y gratuita.<\/strong><\/p>\n\n\n\n<p>Cabe destacar el trabajo que realiza a\u00f1o tras a\u00f1o el equipo de Cine M\u00f3vil, perteneciente al INCAA y al Instituto de Artes Audiovisuales de Jujuy, llevando el cine a distintas localidades del interior de la provincia acercando propuestas audiovisuales a comunidades alejadas de los centros urbanos.<\/p>\n\n\n\n<h2 class=\"wp-block-heading\">Sinopsis del cortometraje<\/h2>\n\n\n\n<p><em>El fluir del alma<\/em>&nbsp;es un cortometraje documental que recorre el 40\u00ba Encuentro de Copleros de Purmamarca a trav\u00e9s de las voces y los cantos de quienes mantienen viva la tradici\u00f3n ancestral de la copla.&nbsp;<\/p>\n\n\n\n<p>Entre cajas, erkes y chicha, el corto pone en valor la memoria colectiva, la identidad cultural y el v\u00ednculo profundo entre la comunidad y su territorio, entendiendo al canto como una forma de transmisi\u00f3n, resistencia y celebraci\u00f3n.<\/p>\n\n\n\n<p><\/p>\n","protected":false},"excerpt":{"rendered":"<p>La funci\u00f3n ser\u00e1 este viernes a las 20 horas en la plaza principal en el marco del Encuentro de Copleros. El equipo de\u00a0Cine\u00a0M\u00f3vil\u00a0inicia su recorrido de funciones por el interior de la provincia con la proyecci\u00f3n del\u00a0cortometraje documental\u00a0\u201cEl fluir del alma\u201d que recorre el 40\u00b0 Encuentro de Copleros de Purmamarca. Esta actividad se realizar\u00e1 en [&hellip;]<\/p>\n","protected":false},"author":7,"featured_media":18394,"comment_status":"open","ping_status":"open","sticky":false,"template":"","format":"standard","meta":{"_themeisle_gutenberg_block_has_review":false,"footnotes":""},"categories":[2714],"tags":[58],"class_list":["post-18393","post","type-post","status-publish","format-standard","has-post-thumbnail","hentry","category-shows-y-eventos","tag-jujuy"],"_links":{"self":[{"href":"https:\/\/horapicodigital.com.ar\/index.php\/wp-json\/wp\/v2\/posts\/18393","targetHints":{"allow":["GET"]}}],"collection":[{"href":"https:\/\/horapicodigital.com.ar\/index.php\/wp-json\/wp\/v2\/posts"}],"about":[{"href":"https:\/\/horapicodigital.com.ar\/index.php\/wp-json\/wp\/v2\/types\/post"}],"author":[{"embeddable":true,"href":"https:\/\/horapicodigital.com.ar\/index.php\/wp-json\/wp\/v2\/users\/7"}],"replies":[{"embeddable":true,"href":"https:\/\/horapicodigital.com.ar\/index.php\/wp-json\/wp\/v2\/comments?post=18393"}],"version-history":[{"count":1,"href":"https:\/\/horapicodigital.com.ar\/index.php\/wp-json\/wp\/v2\/posts\/18393\/revisions"}],"predecessor-version":[{"id":18395,"href":"https:\/\/horapicodigital.com.ar\/index.php\/wp-json\/wp\/v2\/posts\/18393\/revisions\/18395"}],"wp:featuredmedia":[{"embeddable":true,"href":"https:\/\/horapicodigital.com.ar\/index.php\/wp-json\/wp\/v2\/media\/18394"}],"wp:attachment":[{"href":"https:\/\/horapicodigital.com.ar\/index.php\/wp-json\/wp\/v2\/media?parent=18393"}],"wp:term":[{"taxonomy":"category","embeddable":true,"href":"https:\/\/horapicodigital.com.ar\/index.php\/wp-json\/wp\/v2\/categories?post=18393"},{"taxonomy":"post_tag","embeddable":true,"href":"https:\/\/horapicodigital.com.ar\/index.php\/wp-json\/wp\/v2\/tags?post=18393"}],"curies":[{"name":"wp","href":"https:\/\/api.w.org\/{rel}","templated":true}]}}