{"id":18336,"date":"2026-01-07T09:18:17","date_gmt":"2026-01-07T12:18:17","guid":{"rendered":"https:\/\/horapicodigital.com.ar\/?p=18336"},"modified":"2026-01-07T09:18:17","modified_gmt":"2026-01-07T12:18:17","slug":"un-rayo-causo-la-muerte-instantanea-de-un-hombre","status":"publish","type":"post","link":"https:\/\/horapicodigital.com.ar\/index.php\/2026\/01\/07\/un-rayo-causo-la-muerte-instantanea-de-un-hombre\/","title":{"rendered":"Un rayo caus\u00f3 la muerte instant\u00e1nea de un hombre"},"content":{"rendered":"\n<p>Ocurri\u00f3 este s\u00e1bado cerca de La Quiaca. La v\u00edctima, de 32 a\u00f1os, paseaba con su pareja cuando se desat\u00f3 una tormenta el\u00e9ctrica.\u00a0<\/p>\n\n\n\n<p>Un juje\u00f1o con residencia en la provincia de Buenos Aires falleci\u00f3 de manera instant\u00e1nea e impactante tras ser alcanzado por un rayo este s\u00e1bado al mediod\u00eda, en medio de un paraje cercano a la casa de un familiar. El tr\u00e1gico episodio se registr\u00f3 en la comunidad del Casti, departamento de Yavi, a unos 17 kil\u00f3metros de la ciudad de La Quiaca.<\/p>\n\n\n\n<p>Seg\u00fan el parte policial, el hecho ocurri\u00f3 alrededor de las 13:20, cuando el hombre, identificado como R.G.A. de 32 a\u00f1os, se encontraba transitando por la zona junto a su pareja, una mujer de 25 a\u00f1os. Ante el repentino inicio de precipitaciones y truenos, la pareja busc\u00f3 resguardo, pero el hombre fue alcanzado directamente por una descarga el\u00e9ctrica.<\/p>\n\n\n\n<p>Personal policial arrib\u00f3 al lugar tras recibir un llamado telef\u00f3nico. Al llegar, junto al m\u00f3vil de salud, hallaron el cuerpo sin vida de la v\u00edctima postrado en la falda de un cerro, a un kil\u00f3metro de la Ruta Provincial N\u00b0 68, en las cercan\u00edas de la escuela primaria de la zona. El personal m\u00e9dico solo pudo constatar el \u00f3bito.<\/p>\n\n\n\n<p>Las primeras pericias realizadas en el lugar permitieron observar que el hombre portaba una cadena de color met\u00e1lico en el cuello y presentaba quemaduras visibles en la regi\u00f3n del pecho, caracter\u00edsticas compatibles con el impacto de un rayo.<\/p>\n\n\n\n<p>El cuerpo fue trasladado a la morgue del Hospital \u00abJorge Uro\u00bb de La Quiaca, donde el examen cadav\u00e9rico confirm\u00f3 que la causa de la muerte fue un paro cardiorrespiratorio provocado por fulguraci\u00f3n (impacto de rayo). El hecho conmocion\u00f3 a la peque\u00f1a comunidad y pone en evidencia los peligros extremos que representan las tormentas el\u00e9ctricas, especialmente en zonas de altura y campo abierto.<\/p>\n\n\n\n<p><\/p>\n","protected":false},"excerpt":{"rendered":"<p>Ocurri\u00f3 este s\u00e1bado cerca de La Quiaca. La v\u00edctima, de 32 a\u00f1os, paseaba con su pareja cuando se desat\u00f3 una tormenta el\u00e9ctrica.\u00a0 Un juje\u00f1o con residencia en la provincia de Buenos Aires falleci\u00f3 de manera instant\u00e1nea e impactante tras ser alcanzado por un rayo este s\u00e1bado al mediod\u00eda, en medio de un paraje cercano a [&hellip;]<\/p>\n","protected":false},"author":7,"featured_media":18337,"comment_status":"open","ping_status":"open","sticky":false,"template":"","format":"standard","meta":{"_themeisle_gutenberg_block_has_review":false,"footnotes":""},"categories":[2797,2711],"tags":[58],"class_list":["post-18336","post","type-post","status-publish","format-standard","has-post-thumbnail","hentry","category-accidente","category-clima","tag-jujuy"],"_links":{"self":[{"href":"https:\/\/horapicodigital.com.ar\/index.php\/wp-json\/wp\/v2\/posts\/18336","targetHints":{"allow":["GET"]}}],"collection":[{"href":"https:\/\/horapicodigital.com.ar\/index.php\/wp-json\/wp\/v2\/posts"}],"about":[{"href":"https:\/\/horapicodigital.com.ar\/index.php\/wp-json\/wp\/v2\/types\/post"}],"author":[{"embeddable":true,"href":"https:\/\/horapicodigital.com.ar\/index.php\/wp-json\/wp\/v2\/users\/7"}],"replies":[{"embeddable":true,"href":"https:\/\/horapicodigital.com.ar\/index.php\/wp-json\/wp\/v2\/comments?post=18336"}],"version-history":[{"count":1,"href":"https:\/\/horapicodigital.com.ar\/index.php\/wp-json\/wp\/v2\/posts\/18336\/revisions"}],"predecessor-version":[{"id":18338,"href":"https:\/\/horapicodigital.com.ar\/index.php\/wp-json\/wp\/v2\/posts\/18336\/revisions\/18338"}],"wp:featuredmedia":[{"embeddable":true,"href":"https:\/\/horapicodigital.com.ar\/index.php\/wp-json\/wp\/v2\/media\/18337"}],"wp:attachment":[{"href":"https:\/\/horapicodigital.com.ar\/index.php\/wp-json\/wp\/v2\/media?parent=18336"}],"wp:term":[{"taxonomy":"category","embeddable":true,"href":"https:\/\/horapicodigital.com.ar\/index.php\/wp-json\/wp\/v2\/categories?post=18336"},{"taxonomy":"post_tag","embeddable":true,"href":"https:\/\/horapicodigital.com.ar\/index.php\/wp-json\/wp\/v2\/tags?post=18336"}],"curies":[{"name":"wp","href":"https:\/\/api.w.org\/{rel}","templated":true}]}}