{"id":18314,"date":"2026-01-07T09:08:44","date_gmt":"2026-01-07T12:08:44","guid":{"rendered":"https:\/\/horapicodigital.com.ar\/?p=18314"},"modified":"2026-01-07T09:08:45","modified_gmt":"2026-01-07T12:08:45","slug":"el-19-de-febrero-abren-las-inscripciones-para-salas-de-3-4-y-5-anos-en-jujuy","status":"publish","type":"post","link":"https:\/\/horapicodigital.com.ar\/index.php\/2026\/01\/07\/el-19-de-febrero-abren-las-inscripciones-para-salas-de-3-4-y-5-anos-en-jujuy\/","title":{"rendered":"El 19 de febrero abren las inscripciones para salas de 3, 4 y 5 a\u00f1os en Jujuy"},"content":{"rendered":"\n<p>La modalidad est\u00e1 destinada para las instituciones que cuentan con vacantes para el ciclo lectivo 2026. Conoc\u00e9 todos los detalles.<\/p>\n\n\n\n<p><a href=\"https:\/\/www.somosjujuy.com.ar\/jujuy\/el-19-febrero-abren-inscripciones-salas-3-4-5-anos-jujuy-n112562#\"><br><\/a><a href=\"https:\/\/www.somosjujuy.com.ar\/jujuy\/el-19-febrero-abren-inscripciones-salas-3-4-5-anos-jujuy-n112562#\"><\/a><a href=\"https:\/\/www.somosjujuy.com.ar\/jujuy\/el-19-febrero-abren-inscripciones-salas-3-4-5-anos-jujuy-n112562#\"><\/a><\/p>\n\n\n\n<p>El Ministerio de Educaci\u00f3n de Jujuy inform\u00f3 el cronograma de inscripciones para aspirantes a salas de Educaci\u00f3n Inicial, de cara al inicio del ciclo lectivo 2026.<\/p>\n\n\n\n<p>Seg\u00fan se detall\u00f3 oficialmente, la&nbsp;<strong>inscripci\u00f3n de aspirantes<\/strong>&nbsp;se realizar\u00e1 los d\u00edas&nbsp;<strong>19 y 20 de febrero<\/strong>, y estar\u00e1 destinada a ni\u00f1as y ni\u00f1os de&nbsp;<strong>salas de 3, 4 y 5 a\u00f1os<\/strong>, \u00fanicamente en aquellos establecimientos donde existan&nbsp;<strong>vacantes disponibles<\/strong>.<\/p>\n\n\n\n<p>Adem\u00e1s, el calendario establece que el&nbsp;<strong>per\u00edodo de inicio e integraci\u00f3n gradual<\/strong>&nbsp;para el nivel inicial se desarrollar\u00e1 desde el&nbsp;<strong>23 de febrero hasta el 6 de marzo<\/strong>, con el objetivo de acompa\u00f1ar el proceso de adaptaci\u00f3n de los estudiantes a la vida escolar.<\/p>\n\n\n\n<p>Desde la cartera educativa recomendaron a las familias mantenerse informadas a trav\u00e9s de los canales oficiales y consultar en cada instituci\u00f3n educativa sobre los requisitos y modalidades de inscripci\u00f3n vigentes.<\/p>\n\n\n\n<h3 class=\"wp-block-heading\"><strong>Los establecimientos a los que pod\u00e9s anotar a tus hijos:<\/strong><\/h3>\n\n\n\n<figure class=\"wp-block-image size-full\"><img loading=\"lazy\" decoding=\"async\" width=\"991\" height=\"595\" src=\"https:\/\/horapicodigital.com.ar\/wp-content\/uploads\/2026\/01\/Screenshot-2026-01-07-090453.png\" alt=\"\" class=\"wp-image-18315\" srcset=\"https:\/\/horapicodigital.com.ar\/wp-content\/uploads\/2026\/01\/Screenshot-2026-01-07-090453.png 991w, https:\/\/horapicodigital.com.ar\/wp-content\/uploads\/2026\/01\/Screenshot-2026-01-07-090453-300x180.png 300w, https:\/\/horapicodigital.com.ar\/wp-content\/uploads\/2026\/01\/Screenshot-2026-01-07-090453-768x461.png 768w\" sizes=\"auto, (max-width: 991px) 100vw, 991px\" \/><\/figure>\n\n\n\n<figure class=\"wp-block-image size-full\"><img loading=\"lazy\" decoding=\"async\" width=\"994\" height=\"591\" src=\"https:\/\/horapicodigital.com.ar\/wp-content\/uploads\/2026\/01\/Screenshot-2026-01-07-090457.png\" alt=\"\" class=\"wp-image-18316\" srcset=\"https:\/\/horapicodigital.com.ar\/wp-content\/uploads\/2026\/01\/Screenshot-2026-01-07-090457.png 994w, https:\/\/horapicodigital.com.ar\/wp-content\/uploads\/2026\/01\/Screenshot-2026-01-07-090457-300x178.png 300w, https:\/\/horapicodigital.com.ar\/wp-content\/uploads\/2026\/01\/Screenshot-2026-01-07-090457-768x457.png 768w\" sizes=\"auto, (max-width: 994px) 100vw, 994px\" \/><\/figure>\n\n\n\n<figure class=\"wp-block-image size-full\"><img loading=\"lazy\" decoding=\"async\" width=\"982\" height=\"522\" src=\"https:\/\/horapicodigital.com.ar\/wp-content\/uploads\/2026\/01\/Screenshot-2026-01-07-090504.png\" alt=\"\" class=\"wp-image-18317\" srcset=\"https:\/\/horapicodigital.com.ar\/wp-content\/uploads\/2026\/01\/Screenshot-2026-01-07-090504.png 982w, https:\/\/horapicodigital.com.ar\/wp-content\/uploads\/2026\/01\/Screenshot-2026-01-07-090504-300x159.png 300w, https:\/\/horapicodigital.com.ar\/wp-content\/uploads\/2026\/01\/Screenshot-2026-01-07-090504-768x408.png 768w\" sizes=\"auto, (max-width: 982px) 100vw, 982px\" \/><\/figure>\n\n\n\n<figure class=\"wp-block-image size-full\"><img loading=\"lazy\" decoding=\"async\" width=\"997\" height=\"577\" src=\"https:\/\/horapicodigital.com.ar\/wp-content\/uploads\/2026\/01\/Screenshot-2026-01-07-090511.png\" alt=\"\" class=\"wp-image-18318\" srcset=\"https:\/\/horapicodigital.com.ar\/wp-content\/uploads\/2026\/01\/Screenshot-2026-01-07-090511.png 997w, https:\/\/horapicodigital.com.ar\/wp-content\/uploads\/2026\/01\/Screenshot-2026-01-07-090511-300x174.png 300w, https:\/\/horapicodigital.com.ar\/wp-content\/uploads\/2026\/01\/Screenshot-2026-01-07-090511-768x444.png 768w\" sizes=\"auto, (max-width: 997px) 100vw, 997px\" \/><\/figure>\n\n\n\n<figure class=\"wp-block-image size-full\"><img loading=\"lazy\" decoding=\"async\" width=\"982\" height=\"572\" src=\"https:\/\/horapicodigital.com.ar\/wp-content\/uploads\/2026\/01\/Screenshot-2026-01-07-090520.png\" alt=\"\" class=\"wp-image-18319\" srcset=\"https:\/\/horapicodigital.com.ar\/wp-content\/uploads\/2026\/01\/Screenshot-2026-01-07-090520.png 982w, https:\/\/horapicodigital.com.ar\/wp-content\/uploads\/2026\/01\/Screenshot-2026-01-07-090520-300x175.png 300w, https:\/\/horapicodigital.com.ar\/wp-content\/uploads\/2026\/01\/Screenshot-2026-01-07-090520-768x447.png 768w\" sizes=\"auto, (max-width: 982px) 100vw, 982px\" \/><\/figure>\n\n\n\n<figure class=\"wp-block-image size-full\"><img loading=\"lazy\" decoding=\"async\" width=\"992\" height=\"574\" src=\"https:\/\/horapicodigital.com.ar\/wp-content\/uploads\/2026\/01\/Screenshot-2026-01-07-090528.png\" alt=\"\" class=\"wp-image-18320\" srcset=\"https:\/\/horapicodigital.com.ar\/wp-content\/uploads\/2026\/01\/Screenshot-2026-01-07-090528.png 992w, https:\/\/horapicodigital.com.ar\/wp-content\/uploads\/2026\/01\/Screenshot-2026-01-07-090528-300x174.png 300w, https:\/\/horapicodigital.com.ar\/wp-content\/uploads\/2026\/01\/Screenshot-2026-01-07-090528-768x444.png 768w\" sizes=\"auto, (max-width: 992px) 100vw, 992px\" \/><\/figure>\n\n\n\n<figure class=\"wp-block-image size-full\"><img loading=\"lazy\" decoding=\"async\" width=\"989\" height=\"579\" src=\"https:\/\/horapicodigital.com.ar\/wp-content\/uploads\/2026\/01\/Screenshot-2026-01-07-090534.png\" alt=\"\" class=\"wp-image-18321\" srcset=\"https:\/\/horapicodigital.com.ar\/wp-content\/uploads\/2026\/01\/Screenshot-2026-01-07-090534.png 989w, https:\/\/horapicodigital.com.ar\/wp-content\/uploads\/2026\/01\/Screenshot-2026-01-07-090534-300x176.png 300w, https:\/\/horapicodigital.com.ar\/wp-content\/uploads\/2026\/01\/Screenshot-2026-01-07-090534-768x450.png 768w\" sizes=\"auto, (max-width: 989px) 100vw, 989px\" \/><\/figure>\n\n\n\n<figure class=\"wp-block-image size-full\"><img loading=\"lazy\" decoding=\"async\" width=\"993\" height=\"570\" src=\"https:\/\/horapicodigital.com.ar\/wp-content\/uploads\/2026\/01\/Screenshot-2026-01-07-090542.png\" alt=\"\" class=\"wp-image-18322\" srcset=\"https:\/\/horapicodigital.com.ar\/wp-content\/uploads\/2026\/01\/Screenshot-2026-01-07-090542.png 993w, https:\/\/horapicodigital.com.ar\/wp-content\/uploads\/2026\/01\/Screenshot-2026-01-07-090542-300x172.png 300w, https:\/\/horapicodigital.com.ar\/wp-content\/uploads\/2026\/01\/Screenshot-2026-01-07-090542-768x441.png 768w\" sizes=\"auto, (max-width: 993px) 100vw, 993px\" \/><\/figure>\n\n\n\n<figure class=\"wp-block-image size-full\"><img loading=\"lazy\" decoding=\"async\" width=\"996\" height=\"595\" src=\"https:\/\/horapicodigital.com.ar\/wp-content\/uploads\/2026\/01\/Screenshot-2026-01-07-090547.png\" alt=\"\" class=\"wp-image-18323\" srcset=\"https:\/\/horapicodigital.com.ar\/wp-content\/uploads\/2026\/01\/Screenshot-2026-01-07-090547.png 996w, https:\/\/horapicodigital.com.ar\/wp-content\/uploads\/2026\/01\/Screenshot-2026-01-07-090547-300x179.png 300w, https:\/\/horapicodigital.com.ar\/wp-content\/uploads\/2026\/01\/Screenshot-2026-01-07-090547-768x459.png 768w\" sizes=\"auto, (max-width: 996px) 100vw, 996px\" \/><\/figure>\n\n\n\n<figure class=\"wp-block-image size-full\"><img loading=\"lazy\" decoding=\"async\" width=\"985\" height=\"244\" src=\"https:\/\/horapicodigital.com.ar\/wp-content\/uploads\/2026\/01\/Screenshot-2026-01-07-090553.png\" alt=\"\" class=\"wp-image-18324\" srcset=\"https:\/\/horapicodigital.com.ar\/wp-content\/uploads\/2026\/01\/Screenshot-2026-01-07-090553.png 985w, https:\/\/horapicodigital.com.ar\/wp-content\/uploads\/2026\/01\/Screenshot-2026-01-07-090553-300x74.png 300w, https:\/\/horapicodigital.com.ar\/wp-content\/uploads\/2026\/01\/Screenshot-2026-01-07-090553-768x190.png 768w\" sizes=\"auto, (max-width: 985px) 100vw, 985px\" \/><\/figure>\n\n\n\n<p><\/p>\n","protected":false},"excerpt":{"rendered":"<p>La modalidad est\u00e1 destinada para las instituciones que cuentan con vacantes para el ciclo lectivo 2026. Conoc\u00e9 todos los detalles. El Ministerio de Educaci\u00f3n de Jujuy inform\u00f3 el cronograma de inscripciones para aspirantes a salas de Educaci\u00f3n Inicial, de cara al inicio del ciclo lectivo 2026. Seg\u00fan se detall\u00f3 oficialmente, la&nbsp;inscripci\u00f3n de aspirantes&nbsp;se realizar\u00e1 los [&hellip;]<\/p>\n","protected":false},"author":7,"featured_media":18325,"comment_status":"open","ping_status":"open","sticky":false,"template":"","format":"standard","meta":{"_themeisle_gutenberg_block_has_review":false,"footnotes":""},"categories":[248],"tags":[58],"class_list":["post-18314","post","type-post","status-publish","format-standard","has-post-thumbnail","hentry","category-educacion","tag-jujuy"],"_links":{"self":[{"href":"https:\/\/horapicodigital.com.ar\/index.php\/wp-json\/wp\/v2\/posts\/18314","targetHints":{"allow":["GET"]}}],"collection":[{"href":"https:\/\/horapicodigital.com.ar\/index.php\/wp-json\/wp\/v2\/posts"}],"about":[{"href":"https:\/\/horapicodigital.com.ar\/index.php\/wp-json\/wp\/v2\/types\/post"}],"author":[{"embeddable":true,"href":"https:\/\/horapicodigital.com.ar\/index.php\/wp-json\/wp\/v2\/users\/7"}],"replies":[{"embeddable":true,"href":"https:\/\/horapicodigital.com.ar\/index.php\/wp-json\/wp\/v2\/comments?post=18314"}],"version-history":[{"count":1,"href":"https:\/\/horapicodigital.com.ar\/index.php\/wp-json\/wp\/v2\/posts\/18314\/revisions"}],"predecessor-version":[{"id":18326,"href":"https:\/\/horapicodigital.com.ar\/index.php\/wp-json\/wp\/v2\/posts\/18314\/revisions\/18326"}],"wp:featuredmedia":[{"embeddable":true,"href":"https:\/\/horapicodigital.com.ar\/index.php\/wp-json\/wp\/v2\/media\/18325"}],"wp:attachment":[{"href":"https:\/\/horapicodigital.com.ar\/index.php\/wp-json\/wp\/v2\/media?parent=18314"}],"wp:term":[{"taxonomy":"category","embeddable":true,"href":"https:\/\/horapicodigital.com.ar\/index.php\/wp-json\/wp\/v2\/categories?post=18314"},{"taxonomy":"post_tag","embeddable":true,"href":"https:\/\/horapicodigital.com.ar\/index.php\/wp-json\/wp\/v2\/tags?post=18314"}],"curies":[{"name":"wp","href":"https:\/\/api.w.org\/{rel}","templated":true}]}}