{"id":18211,"date":"2025-12-30T22:35:31","date_gmt":"2025-12-31T01:35:31","guid":{"rendered":"https:\/\/horapicodigital.com.ar\/?p=18211"},"modified":"2025-12-30T22:35:32","modified_gmt":"2025-12-31T01:35:32","slug":"el-ministerio-de-educacion-informa-horarios-especiales-de-atencion-durante-enero","status":"publish","type":"post","link":"https:\/\/horapicodigital.com.ar\/index.php\/2025\/12\/30\/el-ministerio-de-educacion-informa-horarios-especiales-de-atencion-durante-enero\/","title":{"rendered":"El Ministerio de Educaci\u00f3n informa horarios especiales de atenci\u00f3n durante enero"},"content":{"rendered":"\n<p>El Ministerio de Educaci\u00f3n informa que,\u00a0<strong>del 5 al 31 de enero de 2026<\/strong>, las oficinas y dependencias de la cartera educativa funcionar\u00e1n con\u00a0<strong>horarios especiales de atenci\u00f3n al p\u00fablico<\/strong>.<\/p>\n\n\n\n<p>Durante ese per\u00edodo, la atenci\u00f3n general se realizar\u00e1 de 08:15 a 12:45 horas, en todas las oficinas y dependencias del Ministerio.<br>En tanto, el tr\u00e1mite de autenticaci\u00f3n de t\u00edtulos se llevar\u00e1 a cabo de 08:30 a 12:00 horas, exclusivamente con turno previo.<br>Estas disposiciones se establecen en el marco de la organizaci\u00f3n administrativa correspondiente al receso estival.<\/p>\n\n\n\n<figure class=\"wp-block-image size-full\"><img loading=\"lazy\" decoding=\"async\" width=\"577\" height=\"651\" src=\"https:\/\/horapicodigital.com.ar\/wp-content\/uploads\/2025\/12\/Screenshot-2025-12-30-223330.png\" alt=\"\" class=\"wp-image-18212\" srcset=\"https:\/\/horapicodigital.com.ar\/wp-content\/uploads\/2025\/12\/Screenshot-2025-12-30-223330.png 577w, https:\/\/horapicodigital.com.ar\/wp-content\/uploads\/2025\/12\/Screenshot-2025-12-30-223330-266x300.png 266w\" sizes=\"auto, (max-width: 577px) 100vw, 577px\" \/><\/figure>\n","protected":false},"excerpt":{"rendered":"<p>El Ministerio de Educaci\u00f3n informa que,\u00a0del 5 al 31 de enero de 2026, las oficinas y dependencias de la cartera educativa funcionar\u00e1n con\u00a0horarios especiales de atenci\u00f3n al p\u00fablico. Durante ese per\u00edodo, la atenci\u00f3n general se realizar\u00e1 de 08:15 a 12:45 horas, en todas las oficinas y dependencias del Ministerio.En tanto, el tr\u00e1mite de autenticaci\u00f3n de [&hellip;]<\/p>\n","protected":false},"author":7,"featured_media":18213,"comment_status":"open","ping_status":"open","sticky":false,"template":"","format":"standard","meta":{"_themeisle_gutenberg_block_has_review":false,"footnotes":""},"categories":[248],"tags":[58,1568],"class_list":["post-18211","post","type-post","status-publish","format-standard","has-post-thumbnail","hentry","category-educacion","tag-jujuy","tag-verano"],"_links":{"self":[{"href":"https:\/\/horapicodigital.com.ar\/index.php\/wp-json\/wp\/v2\/posts\/18211","targetHints":{"allow":["GET"]}}],"collection":[{"href":"https:\/\/horapicodigital.com.ar\/index.php\/wp-json\/wp\/v2\/posts"}],"about":[{"href":"https:\/\/horapicodigital.com.ar\/index.php\/wp-json\/wp\/v2\/types\/post"}],"author":[{"embeddable":true,"href":"https:\/\/horapicodigital.com.ar\/index.php\/wp-json\/wp\/v2\/users\/7"}],"replies":[{"embeddable":true,"href":"https:\/\/horapicodigital.com.ar\/index.php\/wp-json\/wp\/v2\/comments?post=18211"}],"version-history":[{"count":1,"href":"https:\/\/horapicodigital.com.ar\/index.php\/wp-json\/wp\/v2\/posts\/18211\/revisions"}],"predecessor-version":[{"id":18214,"href":"https:\/\/horapicodigital.com.ar\/index.php\/wp-json\/wp\/v2\/posts\/18211\/revisions\/18214"}],"wp:featuredmedia":[{"embeddable":true,"href":"https:\/\/horapicodigital.com.ar\/index.php\/wp-json\/wp\/v2\/media\/18213"}],"wp:attachment":[{"href":"https:\/\/horapicodigital.com.ar\/index.php\/wp-json\/wp\/v2\/media?parent=18211"}],"wp:term":[{"taxonomy":"category","embeddable":true,"href":"https:\/\/horapicodigital.com.ar\/index.php\/wp-json\/wp\/v2\/categories?post=18211"},{"taxonomy":"post_tag","embeddable":true,"href":"https:\/\/horapicodigital.com.ar\/index.php\/wp-json\/wp\/v2\/tags?post=18211"}],"curies":[{"name":"wp","href":"https:\/\/api.w.org\/{rel}","templated":true}]}}