{"id":18202,"date":"2025-12-29T09:54:17","date_gmt":"2025-12-29T12:54:17","guid":{"rendered":"https:\/\/horapicodigital.com.ar\/?p=18202"},"modified":"2025-12-29T09:54:18","modified_gmt":"2025-12-29T12:54:18","slug":"javier-milei-aseguro-que-2025-quebro-cien-anos-de-decadencia-y-anticipo-mas-reformas-en-2026","status":"publish","type":"post","link":"https:\/\/horapicodigital.com.ar\/index.php\/2025\/12\/29\/javier-milei-aseguro-que-2025-quebro-cien-anos-de-decadencia-y-anticipo-mas-reformas-en-2026\/","title":{"rendered":"Javier Milei asegur\u00f3 que 2025 quebr\u00f3 \u00abcien a\u00f1os de decadencia\u00bb y anticip\u00f3 m\u00e1s reformas en 2026"},"content":{"rendered":"\n<p>Tras la aprobaci\u00f3n del Presupuesto 2026 y la ley de Inocencia Fiscal, el Presidente anticip\u00f3 una nueva etapa de reformas econ\u00f3micas, laborales y penales.<\/p>\n\n\n\n<p>El presidente&nbsp;<strong>Javier Milei<\/strong>&nbsp;volvi\u00f3 a celebrar las&nbsp;<strong>recientes victorias legislativas<\/strong>&nbsp;obtenidas por el oficialismo en el Congreso y asegur\u00f3 que&nbsp;<strong>2025 marc\u00f3 un quiebre con \u201ccien a\u00f1os de decadencia\u201d<\/strong>, al tiempo que anticip\u00f3 una agenda de&nbsp;<strong>profundas reformas para 2026<\/strong>.<\/p>\n\n\n\n<p>Tras la aprobaci\u00f3n en el Senado del&nbsp;<a href=\"https:\/\/www.somosjujuy.com.ar\/politica\/el-gobierno-logro-aprobacion-presupuesto-2026-senado-n112256\"><strong>Presupuesto 2026<\/strong><\/a>&nbsp;y de la&nbsp;<a href=\"https:\/\/www.somosjujuy.com.ar\/nacionales\/el-senado-convirtio-ley-proyecto-inocencia-fiscal-como-impacta-contribuyentes-n112268\"><strong>ley de Inocencia Fiscal<\/strong><\/a>, el mandatario afirm\u00f3 que el Gobierno se encuentra en condiciones de avanzar el pr\u00f3ximo a\u00f1o con la&nbsp;<strong>reforma laboral<\/strong>, la&nbsp;<strong>reforma tributaria<\/strong>&nbsp;y cambios en el&nbsp;<strong>C\u00f3digo Penal<\/strong>, adem\u00e1s de impulsar la agenda del&nbsp;<strong>Consejo de Mayo<\/strong>.<\/p>\n\n\n\n<p>En declaraciones radiales, Milei calific\u00f3 la aprobaci\u00f3n del Presupuesto como un \u201chito hist\u00f3rico\u201d y remarc\u00f3 la importancia del&nbsp;<strong>equilibrio fiscal<\/strong>, al que defini\u00f3 como una \u201ccuesti\u00f3n moral\u201d. En ese sentido, sostuvo que gran parte de las crisis econ\u00f3micas que atraves\u00f3 el pa\u00eds tuvieron origen en el d\u00e9ficit fiscal y destac\u00f3 que su gesti\u00f3n logr\u00f3 el d\u00e9ficit cero mediante la reducci\u00f3n del gasto p\u00fablico.<\/p>\n\n\n\n<p>El Presidente tambi\u00e9n defendi\u00f3 la ley de Inocencia Fiscal, al considerar que restituye el principio constitucional de presunci\u00f3n de inocencia en materia tributaria, y la defini\u00f3 como una de las normas m\u00e1s relevantes de los \u00faltimos a\u00f1os.<\/p>\n\n\n\n<p>De cara a 2026, Milei adelant\u00f3 que el Gobierno eval\u00faa&nbsp;<strong>convocar a sesiones extraordinarias en febrero<\/strong>&nbsp;para debatir la modernizaci\u00f3n laboral y modificaciones a la Ley de Glaciares, con el objetivo de avanzar en una etapa que defini\u00f3 como \u201cla reconstrucci\u00f3n de la Argentina\u201d.<\/p>\n","protected":false},"excerpt":{"rendered":"<p>Tras la aprobaci\u00f3n del Presupuesto 2026 y la ley de Inocencia Fiscal, el Presidente anticip\u00f3 una nueva etapa de reformas econ\u00f3micas, laborales y penales. El presidente&nbsp;Javier Milei&nbsp;volvi\u00f3 a celebrar las&nbsp;recientes victorias legislativas&nbsp;obtenidas por el oficialismo en el Congreso y asegur\u00f3 que&nbsp;2025 marc\u00f3 un quiebre con \u201ccien a\u00f1os de decadencia\u201d, al tiempo que anticip\u00f3 una agenda [&hellip;]<\/p>\n","protected":false},"author":7,"featured_media":18203,"comment_status":"open","ping_status":"open","sticky":false,"template":"","format":"standard","meta":{"_themeisle_gutenberg_block_has_review":false,"footnotes":""},"categories":[33],"tags":[58,971,85],"class_list":["post-18202","post","type-post","status-publish","format-standard","has-post-thumbnail","hentry","category-politica","tag-jujuy","tag-milei","tag-pais"],"_links":{"self":[{"href":"https:\/\/horapicodigital.com.ar\/index.php\/wp-json\/wp\/v2\/posts\/18202","targetHints":{"allow":["GET"]}}],"collection":[{"href":"https:\/\/horapicodigital.com.ar\/index.php\/wp-json\/wp\/v2\/posts"}],"about":[{"href":"https:\/\/horapicodigital.com.ar\/index.php\/wp-json\/wp\/v2\/types\/post"}],"author":[{"embeddable":true,"href":"https:\/\/horapicodigital.com.ar\/index.php\/wp-json\/wp\/v2\/users\/7"}],"replies":[{"embeddable":true,"href":"https:\/\/horapicodigital.com.ar\/index.php\/wp-json\/wp\/v2\/comments?post=18202"}],"version-history":[{"count":1,"href":"https:\/\/horapicodigital.com.ar\/index.php\/wp-json\/wp\/v2\/posts\/18202\/revisions"}],"predecessor-version":[{"id":18204,"href":"https:\/\/horapicodigital.com.ar\/index.php\/wp-json\/wp\/v2\/posts\/18202\/revisions\/18204"}],"wp:featuredmedia":[{"embeddable":true,"href":"https:\/\/horapicodigital.com.ar\/index.php\/wp-json\/wp\/v2\/media\/18203"}],"wp:attachment":[{"href":"https:\/\/horapicodigital.com.ar\/index.php\/wp-json\/wp\/v2\/media?parent=18202"}],"wp:term":[{"taxonomy":"category","embeddable":true,"href":"https:\/\/horapicodigital.com.ar\/index.php\/wp-json\/wp\/v2\/categories?post=18202"},{"taxonomy":"post_tag","embeddable":true,"href":"https:\/\/horapicodigital.com.ar\/index.php\/wp-json\/wp\/v2\/tags?post=18202"}],"curies":[{"name":"wp","href":"https:\/\/api.w.org\/{rel}","templated":true}]}}