{"id":18193,"date":"2025-12-29T09:41:52","date_gmt":"2025-12-29T12:41:52","guid":{"rendered":"https:\/\/horapicodigital.com.ar\/?p=18193"},"modified":"2025-12-29T09:41:53","modified_gmt":"2025-12-29T12:41:53","slug":"toda-la-provincia-se-encuentra-bajo-alerta-amarillo-por-fuertes-tormentas-hasta-el-martes","status":"publish","type":"post","link":"https:\/\/horapicodigital.com.ar\/index.php\/2025\/12\/29\/toda-la-provincia-se-encuentra-bajo-alerta-amarillo-por-fuertes-tormentas-hasta-el-martes\/","title":{"rendered":"Toda la provincia se encuentra bajo alerta amarillo por fuertes tormentas hasta el martes"},"content":{"rendered":"\n<p>Se esperan fuertes precipitaciones para este lunes y martes en todo el territorio provincial<\/p>\n\n\n\n<p><strong>El Servicio Meteorol\u00f3gico extendi\u00f3 el alerta amarillo por fuertes tormentas para este lunes 29 y martes 30 de diciembre en todo el territorio de la provincia de Jujuy<\/strong>.<\/p>\n\n\n\n<p>Para ambas jornadas, se espera que las precipitaciones lleguen en el horario de la tarde y la noche.<\/p>\n\n\n\n<p>El \u00e1rea ser\u00e1 afectada por lluvias y tormentas de variada intensidad, algunas localmente fuertes. Las mismas podr\u00e1n estar acompa\u00f1adas por abundante precipitaci\u00f3n en cortos per\u00edodos, granizo, intensa actividad el\u00e9ctrica y r\u00e1fagas que pueden alcanzar los 70 km\/h.<\/p>\n\n\n\n<p><strong>Se prev\u00e9n valores de precipitaci\u00f3n acumulada entre 20 y 50 mm, que podr\u00edan ser superados en forma puntual<\/strong>.<\/p>\n\n\n\n<p>En las zonas de alta cordillera las precipitaciones pueden ser mayormente en forma de nieve y\/o granizo.<\/p>\n\n\n\n<h2 class=\"wp-block-heading\"><strong>Recomendaciones<\/strong><\/h2>\n\n\n\n<p>1- Evit\u00e1 salir.<br>2- No saques la basura y limpi\u00e1 desag\u00fces y sumideros.<br>3- Desconect\u00e1 los electrodom\u00e9sticos y cort\u00e1 el suministro el\u00e9ctrico si ingresa agua<br>4- Cerr\u00e1 y alejate de puertas y ventanas.<br>5- Retir\u00e1 o asegur\u00e1 objetos que puedan ser arrastrados por el viento.<br>6- Si est\u00e1s al aire libre, busc\u00e1 refugio inmediato en un edificio, casa o veh\u00edculo cerrado.<\/p>\n\n\n\n<p><strong>Temas relacionados<\/strong>\u00a0alerta amarillo\u00a0fuertes tormentas\u00a0Jujuy<\/p>\n\n\n\n<p><\/p>\n","protected":false},"excerpt":{"rendered":"<p>Se esperan fuertes precipitaciones para este lunes y martes en todo el territorio provincial El Servicio Meteorol\u00f3gico extendi\u00f3 el alerta amarillo por fuertes tormentas para este lunes 29 y martes 30 de diciembre en todo el territorio de la provincia de Jujuy. Para ambas jornadas, se espera que las precipitaciones lleguen en el horario de [&hellip;]<\/p>\n","protected":false},"author":7,"featured_media":18194,"comment_status":"open","ping_status":"open","sticky":false,"template":"","format":"standard","meta":{"_themeisle_gutenberg_block_has_review":false,"footnotes":""},"categories":[2711],"tags":[58],"class_list":["post-18193","post","type-post","status-publish","format-standard","has-post-thumbnail","hentry","category-clima","tag-jujuy"],"_links":{"self":[{"href":"https:\/\/horapicodigital.com.ar\/index.php\/wp-json\/wp\/v2\/posts\/18193","targetHints":{"allow":["GET"]}}],"collection":[{"href":"https:\/\/horapicodigital.com.ar\/index.php\/wp-json\/wp\/v2\/posts"}],"about":[{"href":"https:\/\/horapicodigital.com.ar\/index.php\/wp-json\/wp\/v2\/types\/post"}],"author":[{"embeddable":true,"href":"https:\/\/horapicodigital.com.ar\/index.php\/wp-json\/wp\/v2\/users\/7"}],"replies":[{"embeddable":true,"href":"https:\/\/horapicodigital.com.ar\/index.php\/wp-json\/wp\/v2\/comments?post=18193"}],"version-history":[{"count":1,"href":"https:\/\/horapicodigital.com.ar\/index.php\/wp-json\/wp\/v2\/posts\/18193\/revisions"}],"predecessor-version":[{"id":18195,"href":"https:\/\/horapicodigital.com.ar\/index.php\/wp-json\/wp\/v2\/posts\/18193\/revisions\/18195"}],"wp:featuredmedia":[{"embeddable":true,"href":"https:\/\/horapicodigital.com.ar\/index.php\/wp-json\/wp\/v2\/media\/18194"}],"wp:attachment":[{"href":"https:\/\/horapicodigital.com.ar\/index.php\/wp-json\/wp\/v2\/media?parent=18193"}],"wp:term":[{"taxonomy":"category","embeddable":true,"href":"https:\/\/horapicodigital.com.ar\/index.php\/wp-json\/wp\/v2\/categories?post=18193"},{"taxonomy":"post_tag","embeddable":true,"href":"https:\/\/horapicodigital.com.ar\/index.php\/wp-json\/wp\/v2\/tags?post=18193"}],"curies":[{"name":"wp","href":"https:\/\/api.w.org\/{rel}","templated":true}]}}