{"id":18011,"date":"2025-12-15T10:38:04","date_gmt":"2025-12-15T13:38:04","guid":{"rendered":"https:\/\/horapicodigital.com.ar\/?p=18011"},"modified":"2025-12-15T10:38:05","modified_gmt":"2025-12-15T13:38:05","slug":"el-gobierno-definio-como-seran-los-asuetos-de-nochebuena-y-fin-de-ano-para-estatales","status":"publish","type":"post","link":"https:\/\/horapicodigital.com.ar\/index.php\/2025\/12\/15\/el-gobierno-definio-como-seran-los-asuetos-de-nochebuena-y-fin-de-ano-para-estatales\/","title":{"rendered":"El Gobierno defini\u00f3 c\u00f3mo ser\u00e1n los asuetos de Nochebuena y Fin de A\u00f1o para estatales"},"content":{"rendered":"\n<p>A trav\u00e9s del\u00a0<strong>Bolet\u00edn Oficial el Gobierno Nacional<\/strong>\u00a0dio a conocer c\u00f3mo ser\u00e1n las actividades en la\u00a0<strong>Adminsitraci\u00f3n P\u00fablica<\/strong>\u00a0por<strong>\u00a0Navidad y A\u00f1o Nuevo.<\/strong><\/p>\n\n\n\n<p>Mediante la publicaci\u00f3n del decreto en el<strong>\u00a0Bolet\u00edn Oficial,\u00a0<\/strong>el Gobierno Nacional dispuso el otorgamiento de asueto administrativo para el personal de la Administraci\u00f3n P\u00fablica Nacional los<strong>\u00a0d\u00edas 24 y 31 de diciembre de 2025.<\/strong><\/p>\n\n\n\n<p>La medida, publicada en el Bolet\u00edn Oficial este lunes 15 de diciembre a la madrugada, busca facilitar los preparativos y desplazamientos familiares en v\u00edsperas de las festividades de\u00a0<strong>Navidad\u00a0y\u00a0A\u00f1o Nuevo<\/strong>,\u00a0fechas que la legislaci\u00f3n argentina reconoce como feriados nacionales inamovibles.<\/p>\n\n\n\n<p>El decreto se fundamenta en<strong>&nbsp;la Ley N\u00b0 27.399<\/strong>, que establece&nbsp;<strong>el 25 de diciembre y el 1\u00b0 de enero como feriados nacionales,&nbsp;<\/strong>y en el car\u00e1cter social y familiar de estas celebraciones.<\/p>\n\n\n\n<h2 class=\"wp-block-heading\">Detalles del decreto publicado en el Bolet\u00edn Oficial<\/h2>\n\n\n\n<p>Seg\u00fan el Decreto 883\/2025, \u201ctales fechas poseen un arraigado significado cultural, social y familiar para la poblaci\u00f3n argentina y para quienes habitan en el territorio de la Rep\u00fablica Argentina, constituyendo tradicionalmente motivo de reuni\u00f3n, celebraci\u00f3n y acercamiento entre familiares y seres queridos\u201d.<\/p>\n\n\n\n<p>El Gobierno consider\u00f3 que las v\u00edsperas, es decir, los d\u00edas 24 y 31 de diciembre, suelen destinarse a los preparativos y traslados necesarios para posibilitar el encuentro familiar, por lo que resulta \u201coportuno facilitar la organizaci\u00f3n, descanso y disfrute de las festividades, permitiendo que las personas puedan disponer de un tiempo razonable para concretar los preparativos, desplazamientos y actividades vinculadas a dichas conmemoraciones\u201d.<\/p>\n\n\n\n<p>El decreto tambi\u00e9n se\u00f1ala que la medida tendr\u00e1 un impacto positivo en el sector tur\u00edstico, al favorecer los desplazamientos internos y el aprovechamiento de los d\u00edas no laborables para actividades recreativas. Adem\u00e1s, aclara que el asueto no implica ning\u00fan gasto adicional para el Estado nacional y que \u201cgarantizar\u00e1 que todos los argentinos puedan disfrutar de las fiestas en un marco de libertad\u201d.<\/p>\n\n\n\n<h2 class=\"wp-block-heading\">Para qui\u00e9nes es el asueto dictado por el Gobierno Nacional<\/h2>\n\n\n\n<p>En cuanto al alcance de la disposici\u00f3n, el art\u00edculo 1\u00b0 establece que el asueto ser\u00e1 para el personal de la Administraci\u00f3n P\u00fablica Nacional, mientras que el art\u00edculo 2\u00b0 instruye a los distintos organismos a implementar las medidas necesarias para asegurar la continuidad de los servicios esenciales.<\/p>\n\n\n\n<p>En tanto, el art\u00edculo 3\u00b0 especifica que la medida no alcanza a las instituciones bancarias ni a las entidades financieras, por lo que estos sectores deber\u00e1n funcionar con normalidad durante las fechas mencionadas.<\/p>\n\n\n\n<p>En el caso del \u00e1mbito privado, el panorama ser\u00e1 diferente dado que all\u00ed cada empleador podr\u00e1 decidir si concede el d\u00eda libre a sus trabajadores.<\/p>\n","protected":false},"excerpt":{"rendered":"<p>A trav\u00e9s del\u00a0Bolet\u00edn Oficial el Gobierno Nacional\u00a0dio a conocer c\u00f3mo ser\u00e1n las actividades en la\u00a0Adminsitraci\u00f3n P\u00fablica\u00a0por\u00a0Navidad y A\u00f1o Nuevo. Mediante la publicaci\u00f3n del decreto en el\u00a0Bolet\u00edn Oficial,\u00a0el Gobierno Nacional dispuso el otorgamiento de asueto administrativo para el personal de la Administraci\u00f3n P\u00fablica Nacional los\u00a0d\u00edas 24 y 31 de diciembre de 2025. La medida, publicada en [&hellip;]<\/p>\n","protected":false},"author":7,"featured_media":18012,"comment_status":"open","ping_status":"open","sticky":false,"template":"","format":"standard","meta":{"_themeisle_gutenberg_block_has_review":false,"footnotes":""},"categories":[2714,118],"tags":[58,971,85],"class_list":["post-18011","post","type-post","status-publish","format-standard","has-post-thumbnail","hentry","category-shows-y-eventos","category-sociedad","tag-jujuy","tag-milei","tag-pais"],"_links":{"self":[{"href":"https:\/\/horapicodigital.com.ar\/index.php\/wp-json\/wp\/v2\/posts\/18011","targetHints":{"allow":["GET"]}}],"collection":[{"href":"https:\/\/horapicodigital.com.ar\/index.php\/wp-json\/wp\/v2\/posts"}],"about":[{"href":"https:\/\/horapicodigital.com.ar\/index.php\/wp-json\/wp\/v2\/types\/post"}],"author":[{"embeddable":true,"href":"https:\/\/horapicodigital.com.ar\/index.php\/wp-json\/wp\/v2\/users\/7"}],"replies":[{"embeddable":true,"href":"https:\/\/horapicodigital.com.ar\/index.php\/wp-json\/wp\/v2\/comments?post=18011"}],"version-history":[{"count":1,"href":"https:\/\/horapicodigital.com.ar\/index.php\/wp-json\/wp\/v2\/posts\/18011\/revisions"}],"predecessor-version":[{"id":18013,"href":"https:\/\/horapicodigital.com.ar\/index.php\/wp-json\/wp\/v2\/posts\/18011\/revisions\/18013"}],"wp:featuredmedia":[{"embeddable":true,"href":"https:\/\/horapicodigital.com.ar\/index.php\/wp-json\/wp\/v2\/media\/18012"}],"wp:attachment":[{"href":"https:\/\/horapicodigital.com.ar\/index.php\/wp-json\/wp\/v2\/media?parent=18011"}],"wp:term":[{"taxonomy":"category","embeddable":true,"href":"https:\/\/horapicodigital.com.ar\/index.php\/wp-json\/wp\/v2\/categories?post=18011"},{"taxonomy":"post_tag","embeddable":true,"href":"https:\/\/horapicodigital.com.ar\/index.php\/wp-json\/wp\/v2\/tags?post=18011"}],"curies":[{"name":"wp","href":"https:\/\/api.w.org\/{rel}","templated":true}]}}