{"id":17987,"date":"2025-12-11T08:41:07","date_gmt":"2025-12-11T11:41:07","guid":{"rendered":"https:\/\/horapicodigital.com.ar\/?p=17987"},"modified":"2025-12-11T08:41:08","modified_gmt":"2025-12-11T11:41:08","slug":"aguinaldo-2025-cuando-se-acredita-la-segunda-cuota-para-los-estatales-en-cada-provincia","status":"publish","type":"post","link":"https:\/\/horapicodigital.com.ar\/index.php\/2025\/12\/11\/aguinaldo-2025-cuando-se-acredita-la-segunda-cuota-para-los-estatales-en-cada-provincia\/","title":{"rendered":"Aguinaldo 2025: cu\u00e1ndo se acredita la segunda cuota para los estatales en cada provincia"},"content":{"rendered":"\n<p>El pago del medio Sueldo Anual Complementario debe realizarse antes del 18 de diciembre, aunque existe un plazo extendido hasta el 24. Varias jurisdicciones ya informaron cu\u00e1ndo acreditar\u00e1n el monto a los empleados p\u00fablicos.<\/p>\n\n\n\n<p>En la previa de las Fiestas, los&nbsp;<strong>trabajadores estatales&nbsp;<\/strong>recibir\u00e1n la segunda parte del Sueldo Anual Complementario (SAC) , &nbsp;un ingreso extra que representa&nbsp;<strong>el 50% de la mejor remuneraci\u00f3n mensual&nbsp;<\/strong>percibida durante los \u00faltimos seis meses.<\/p>\n\n\n\n<p>De acuerdo con la legislaci\u00f3n vigente \u2014la Ley 27.073\u2014&nbsp;<strong>el medio aguinaldo de diciembre debe depositarse antes del 18<\/strong>, aunque las administraciones cuentan con un margen adicional de cuatro d\u00edas h\u00e1biles, lo que<strong>&nbsp;habilita pagos hasta el 24 de diciembre<\/strong>.<\/p>\n\n\n\n<p>Mientras&nbsp;<strong>algunos distritos ya definieron su cronograma<\/strong>, otros todav\u00eda no anunciaron cu\u00e1ndo har\u00e1n la acreditaci\u00f3n. El dato no es menor para miles de empleados que organizan gastos de fin de a\u00f1o, compras navide\u00f1as y pagos pendientes.<\/p>\n\n\n\n<h2 class=\"wp-block-heading\"><strong>Qu\u00e9 provincias ya informaron la fecha del aguinaldo<\/strong><\/h2>\n\n\n\n<p>Varias gobernaciones oficializaron el calendario para el dep\u00f3sito del medio aguinaldo:<\/p>\n\n\n\n<ul class=\"wp-block-list\">\n<li><strong>Catamarca:<\/strong>\u00a0la acreditaci\u00f3n ser\u00e1 el\u00a0<strong>s\u00e1bado 20 de diciembre<\/strong>.<\/li>\n\n\n\n<li><strong>Chaco:<\/strong>\u00a0los trabajadores municipales de Resistencia cobrar\u00e1n el\u00a0<strong>lunes 15 de diciembre<\/strong>.<\/li>\n\n\n\n<li><strong>C\u00f3rdoba:<\/strong>\u00a0el pago se realizar\u00e1 el\u00a0<strong>lunes 22 de diciembre<\/strong>.<\/li>\n\n\n\n<li><strong>Entre R\u00edos:<\/strong>\u00a0se depositar\u00e1 el\u00a0<strong>s\u00e1bado 20 de diciembre<\/strong>.<\/li>\n\n\n\n<li><strong>Jujuy:<\/strong>\u00a0el medio aguinaldo se pagar\u00e1 entre el\u00a0<strong>lunes 15 y el viernes 19<\/strong>.<\/li>\n\n\n\n<li><strong>La Pampa:<\/strong>\u00a0confirm\u00f3 el desembolso para el\u00a0<strong>martes 23 de diciembre<\/strong>.<\/li>\n\n\n\n<li><strong>R\u00edo Negro:<\/strong>\u00a0la acreditaci\u00f3n ser\u00e1 entre el\u00a0<strong>lunes 19 y el viernes 20<\/strong>.<\/li>\n\n\n\n<li><strong>Salta:<\/strong>\u00a0los empleados p\u00fablicos cobrar\u00e1n el\u00a0<strong>martes 16 de diciembre<\/strong>.<\/li>\n\n\n\n<li><strong>San Juan:<\/strong>\u00a0el pago se har\u00e1 el\u00a0<strong>s\u00e1bado 20 de diciembre<\/strong>.<\/li>\n\n\n\n<li><strong>San Luis:<\/strong>\u00a0el medio aguinaldo estar\u00e1 disponible el\u00a0<strong>viernes 19 de diciembre<\/strong>.<\/li>\n\n\n\n<li><strong>Tucum\u00e1n:<\/strong>\u00a0la provincia defini\u00f3 un rango entre el\u00a0<strong>mi\u00e9rcoles 17 y el viernes 19<\/strong>.<\/li>\n<\/ul>\n\n\n\n<h2 class=\"wp-block-heading\"><strong>Qu\u00e9 pasa en Buenos Aires y en las provincias que a\u00fan no informaron fechas<\/strong><\/h2>\n\n\n\n<p>En el caso de&nbsp;<strong>Buenos Aires<\/strong>, la administraci\u00f3n provincial todav\u00eda no comunic\u00f3 el d\u00eda exacto en que depositar\u00e1 el SAC. Desde UPCNBA, su secretaria general<strong>&nbsp;Fabiola Mosquera&nbsp;<\/strong>solicit\u00f3 que se realicen \u201ctodos los esfuerzos\u201d para garantizar que el pago se efect\u00fae dentro de los plazos legales.<\/p>\n\n\n\n<p>Tambi\u00e9n se espera la confirmaci\u00f3n oficial en las provincias de&nbsp;<strong>Chubut, Corrientes, Formosa, La Rioja, Mendoza, Misiones, Neuqu\u00e9n, Santa Cruz, Santa Fe, Santiago del Estero y Tierra del Fuego<\/strong>, que a\u00fan no detallaron su calendario de pagos. Seg\u00fan fuentes provinciales, los anuncios llegar\u00edan en los pr\u00f3ximos d\u00edas a trav\u00e9s de comunicados y redes oficiales.<\/p>\n\n\n\n<p>FUENTE: Todo Noticias<\/p>\n","protected":false},"excerpt":{"rendered":"<p>El pago del medio Sueldo Anual Complementario debe realizarse antes del 18 de diciembre, aunque existe un plazo extendido hasta el 24. Varias jurisdicciones ya informaron cu\u00e1ndo acreditar\u00e1n el monto a los empleados p\u00fablicos. En la previa de las Fiestas, los&nbsp;trabajadores estatales&nbsp;recibir\u00e1n la segunda parte del Sueldo Anual Complementario (SAC) , &nbsp;un ingreso extra que [&hellip;]<\/p>\n","protected":false},"author":7,"featured_media":17988,"comment_status":"open","ping_status":"open","sticky":false,"template":"","format":"standard","meta":{"_themeisle_gutenberg_block_has_review":false,"footnotes":""},"categories":[6],"tags":[38,58],"class_list":["post-17987","post","type-post","status-publish","format-standard","has-post-thumbnail","hentry","category-economia","tag-economia","tag-jujuy"],"_links":{"self":[{"href":"https:\/\/horapicodigital.com.ar\/index.php\/wp-json\/wp\/v2\/posts\/17987","targetHints":{"allow":["GET"]}}],"collection":[{"href":"https:\/\/horapicodigital.com.ar\/index.php\/wp-json\/wp\/v2\/posts"}],"about":[{"href":"https:\/\/horapicodigital.com.ar\/index.php\/wp-json\/wp\/v2\/types\/post"}],"author":[{"embeddable":true,"href":"https:\/\/horapicodigital.com.ar\/index.php\/wp-json\/wp\/v2\/users\/7"}],"replies":[{"embeddable":true,"href":"https:\/\/horapicodigital.com.ar\/index.php\/wp-json\/wp\/v2\/comments?post=17987"}],"version-history":[{"count":1,"href":"https:\/\/horapicodigital.com.ar\/index.php\/wp-json\/wp\/v2\/posts\/17987\/revisions"}],"predecessor-version":[{"id":17989,"href":"https:\/\/horapicodigital.com.ar\/index.php\/wp-json\/wp\/v2\/posts\/17987\/revisions\/17989"}],"wp:featuredmedia":[{"embeddable":true,"href":"https:\/\/horapicodigital.com.ar\/index.php\/wp-json\/wp\/v2\/media\/17988"}],"wp:attachment":[{"href":"https:\/\/horapicodigital.com.ar\/index.php\/wp-json\/wp\/v2\/media?parent=17987"}],"wp:term":[{"taxonomy":"category","embeddable":true,"href":"https:\/\/horapicodigital.com.ar\/index.php\/wp-json\/wp\/v2\/categories?post=17987"},{"taxonomy":"post_tag","embeddable":true,"href":"https:\/\/horapicodigital.com.ar\/index.php\/wp-json\/wp\/v2\/tags?post=17987"}],"curies":[{"name":"wp","href":"https:\/\/api.w.org\/{rel}","templated":true}]}}