{"id":17947,"date":"2025-12-08T10:22:11","date_gmt":"2025-12-08T13:22:11","guid":{"rendered":"https:\/\/horapicodigital.com.ar\/?p=17947"},"modified":"2025-12-08T10:24:25","modified_gmt":"2025-12-08T13:24:25","slug":"como-funcionaran-los-servicios-municipales-durante-el-feriado-del-8-de-diciembre","status":"publish","type":"post","link":"https:\/\/horapicodigital.com.ar\/index.php\/2025\/12\/08\/como-funcionaran-los-servicios-municipales-durante-el-feriado-del-8-de-diciembre\/","title":{"rendered":"C\u00f3mo funcionar\u00e1n los servicios municipales durante el feriado del 8 de diciembre"},"content":{"rendered":"\n<p>Solicitaron respetar los horarios de recolecci\u00f3n para mantener el orden y la limpieza en la ciudad.<\/p>\n\n\n\n<p>La Municipalidad de San Salvador de Jujuy inform\u00f3 el esquema de funcionamiento de los distintos servicios durante el feriado nacional del 8 de diciembre, D\u00eda de la Inmaculada Concepci\u00f3n de Mar\u00eda, con el objetivo de brindar previsibilidad a los vecinos.<\/p>\n\n\n\n<p><strong>Higiene Urbana &#8211; Servicios municipales<\/strong><\/p>\n\n\n\n<ul class=\"wp-block-list\">\n<li><strong>Recolecci\u00f3n domiciliaria:<\/strong>\u00a0normal<\/li>\n<\/ul>\n\n\n\n<ul class=\"wp-block-list\">\n<li><strong>Servicios especiales:<\/strong>\u00a0normal<\/li>\n\n\n\n<li><strong>Limpieza y barrido:<\/strong>\u00a0servicio reducido<\/li>\n<\/ul>\n\n\n\n<p><strong>Servicios a cargo de LIMSA<\/strong><\/p>\n\n\n\n<ul class=\"wp-block-list\">\n<li><strong>Recolecci\u00f3n de residuos:<\/strong>\u00a0normal<\/li>\n\n\n\n<li><strong>Recolecci\u00f3n comercial:<\/strong>\u00a0normal<\/li>\n<\/ul>\n\n\n\n<ul class=\"wp-block-list\">\n<li><\/li>\n\n\n\n<li><strong>Recolecci\u00f3n de pat\u00f3genos:<\/strong>\u00a0normal<\/li>\n\n\n\n<li><strong>Barrido en microcentro y ex Terminal:<\/strong>\u00a0normal<\/li>\n\n\n\n<li><strong>Barrido manual:<\/strong>\u00a0sin servicio<\/li>\n<\/ul>\n\n\n\n<ul class=\"wp-block-list\">\n<li><strong>Barrido mec\u00e1nico:<\/strong>\u00a0sin servicio<\/li>\n\n\n\n<li><strong>Contenedores municipales:<\/strong>\u00a0sin servicio<\/li>\n\n\n\n<li><strong>Recolecci\u00f3n de malezas y escombros:<\/strong>\u00a0sin servicio<\/li>\n<\/ul>\n\n\n\n<p><strong>Movilidad y tr\u00e1nsito<\/strong><\/p>\n\n\n\n<ul class=\"wp-block-list\">\n<li><strong>Transporte urbano:<\/strong>\u00a0unidades reducidas<\/li>\n\n\n\n<li><strong>Transporte alternativo:<\/strong>\u00a0Tarifa 2<\/li>\n\n\n\n<li><strong>Ascensores urbanos:<\/strong>\u00a0de 8 a 20<\/li>\n\n\n\n<li><strong>Estacionamiento tarifado:<\/strong>\u00a0sin servicio<\/li>\n<\/ul>\n\n\n\n<p><strong>Mercados municipales<\/strong><\/p>\n\n\n\n<p>Los mercados abrir\u00e1n&nbsp;<strong>solo hasta el mediod\u00eda<\/strong>, con guardias internas m\u00ednimas seg\u00fan cada establecimiento.<\/p>\n\n\n\n<p><strong>Cementerios<\/strong><\/p>\n\n\n\n<ul class=\"wp-block-list\">\n<li><strong>Atenci\u00f3n administrativa:<\/strong>\u00a0de 8 a 13<\/li>\n\n\n\n<li><strong>Visitas:<\/strong>\u00a0de 8 a 18<\/li>\n<\/ul>\n\n\n\n<p>Finalmente, desde el municipio solicitaron respetar los horarios de recolecci\u00f3n para mantener el orden y la limpieza en la ciudad. Para consultas, est\u00e1 disponible el n\u00famero&nbsp;<strong>388-3131807<\/strong>.<\/p>\n","protected":false},"excerpt":{"rendered":"<p>Solicitaron respetar los horarios de recolecci\u00f3n para mantener el orden y la limpieza en la ciudad. La Municipalidad de San Salvador de Jujuy inform\u00f3 el esquema de funcionamiento de los distintos servicios durante el feriado nacional del 8 de diciembre, D\u00eda de la Inmaculada Concepci\u00f3n de Mar\u00eda, con el objetivo de brindar previsibilidad a los [&hellip;]<\/p>\n","protected":false},"author":7,"featured_media":17951,"comment_status":"open","ping_status":"open","sticky":false,"template":"","format":"standard","meta":{"_themeisle_gutenberg_block_has_review":false,"footnotes":""},"categories":[2711,118],"tags":[58],"class_list":["post-17947","post","type-post","status-publish","format-standard","has-post-thumbnail","hentry","category-clima","category-sociedad","tag-jujuy"],"_links":{"self":[{"href":"https:\/\/horapicodigital.com.ar\/index.php\/wp-json\/wp\/v2\/posts\/17947","targetHints":{"allow":["GET"]}}],"collection":[{"href":"https:\/\/horapicodigital.com.ar\/index.php\/wp-json\/wp\/v2\/posts"}],"about":[{"href":"https:\/\/horapicodigital.com.ar\/index.php\/wp-json\/wp\/v2\/types\/post"}],"author":[{"embeddable":true,"href":"https:\/\/horapicodigital.com.ar\/index.php\/wp-json\/wp\/v2\/users\/7"}],"replies":[{"embeddable":true,"href":"https:\/\/horapicodigital.com.ar\/index.php\/wp-json\/wp\/v2\/comments?post=17947"}],"version-history":[{"count":1,"href":"https:\/\/horapicodigital.com.ar\/index.php\/wp-json\/wp\/v2\/posts\/17947\/revisions"}],"predecessor-version":[{"id":17949,"href":"https:\/\/horapicodigital.com.ar\/index.php\/wp-json\/wp\/v2\/posts\/17947\/revisions\/17949"}],"wp:featuredmedia":[{"embeddable":true,"href":"https:\/\/horapicodigital.com.ar\/index.php\/wp-json\/wp\/v2\/media\/17951"}],"wp:attachment":[{"href":"https:\/\/horapicodigital.com.ar\/index.php\/wp-json\/wp\/v2\/media?parent=17947"}],"wp:term":[{"taxonomy":"category","embeddable":true,"href":"https:\/\/horapicodigital.com.ar\/index.php\/wp-json\/wp\/v2\/categories?post=17947"},{"taxonomy":"post_tag","embeddable":true,"href":"https:\/\/horapicodigital.com.ar\/index.php\/wp-json\/wp\/v2\/tags?post=17947"}],"curies":[{"name":"wp","href":"https:\/\/api.w.org\/{rel}","templated":true}]}}