{"id":17940,"date":"2025-12-06T06:41:55","date_gmt":"2025-12-06T09:41:55","guid":{"rendered":"https:\/\/horapicodigital.com.ar\/?p=17940"},"modified":"2025-12-06T06:41:56","modified_gmt":"2025-12-06T09:41:56","slug":"suspendieron-la-cena-blanca-2025-por-las-fuertes-lluvias","status":"publish","type":"post","link":"https:\/\/horapicodigital.com.ar\/index.php\/2025\/12\/06\/suspendieron-la-cena-blanca-2025-por-las-fuertes-lluvias\/","title":{"rendered":"Suspendieron la Cena Blanca 2025 por las fuertes lluvias"},"content":{"rendered":"\n<p>La intensa tormenta que se desat\u00f3 esta tarde en la capital juje\u00f1a oblig\u00f3 a&nbsp;<strong>suspender la Cena Blanca 2025 y se reprogram\u00f3 para el s\u00e1bado 6 de diciembre<\/strong>. As\u00ed lo confirmaron a nuestro medio desde el&nbsp;<strong>Ente Aut\u00e1rquico Permanente, decisi\u00f3n que fue luego ratificada a trav\u00e9s de un comunicado.&nbsp;<\/strong><\/p>\n\n\n\n<p>Seg\u00fan el comunicado, la medida se tom\u00f3&nbsp;<strong>por razones de seguridad<\/strong>, tanto para los estudiantes como para sus familias y todo el personal involucrado en el operativo.<\/p>\n\n\n\n<p>El EAP inform\u00f3 asimismo que&nbsp;<strong>el cronograma se mantendr\u00e1 sin cambios<\/strong>. En caso de que ma\u00f1ana tambi\u00e9n se registren lluvias, los alumnos podr\u00e1n&nbsp;<strong>ingresar directamente a la carpa donde se desarrollar\u00e1 la cena<\/strong>, a partir de las&nbsp;<strong>20 horas<\/strong>, sin realizar la tradicional pasarela.<\/p>\n\n\n\n<p>Minutos despu\u00e9s de las 19, las lluvias torrenciales y las r\u00e1fagas de viento provocaron complicaciones en el predio de Ciudad Cultural, lo que llev\u00f3 a que la organizaci\u00f3n decidiera primero suspender la pasarela y, luego,&nbsp;<strong>cancelar por completo el evento por motivos de seguridad<\/strong>.<\/p>\n\n\n\n<p>Seg\u00fan reportaron personas en el lugar, se registraron&nbsp;<strong>da\u00f1os leves en una de las carpas donde estaba montada la pista de baile<\/strong>, y los equipos t\u00e9cnicos trabajan para reparar los sectores afectados y asegurar las instalaciones.<\/p>\n\n\n\n<p>La organizaci\u00f3n confirm\u00f3 que la Cena Blanca se realizar\u00e1&nbsp;<strong>este s\u00e1bado<\/strong>, en el mismo predio de Ciudad Cultural. Se aguarda un comunicado oficial del&nbsp;<strong>Ente Aut\u00e1rquico Permanente.<\/strong><\/p>\n\n\n\n<p><strong>EL COMUNICADO DEL ENTE AUT\u00c1RQUICO PERMANENTE<\/strong><\/p>\n","protected":false},"excerpt":{"rendered":"<p>La intensa tormenta que se desat\u00f3 esta tarde en la capital juje\u00f1a oblig\u00f3 a&nbsp;suspender la Cena Blanca 2025 y se reprogram\u00f3 para el s\u00e1bado 6 de diciembre. As\u00ed lo confirmaron a nuestro medio desde el&nbsp;Ente Aut\u00e1rquico Permanente, decisi\u00f3n que fue luego ratificada a trav\u00e9s de un comunicado.&nbsp; Seg\u00fan el comunicado, la medida se tom\u00f3&nbsp;por razones [&hellip;]<\/p>\n","protected":false},"author":7,"featured_media":17941,"comment_status":"open","ping_status":"open","sticky":false,"template":"","format":"standard","meta":{"_themeisle_gutenberg_block_has_review":false,"footnotes":""},"categories":[2711,2714],"tags":[58],"class_list":["post-17940","post","type-post","status-publish","format-standard","has-post-thumbnail","hentry","category-clima","category-shows-y-eventos","tag-jujuy"],"_links":{"self":[{"href":"https:\/\/horapicodigital.com.ar\/index.php\/wp-json\/wp\/v2\/posts\/17940","targetHints":{"allow":["GET"]}}],"collection":[{"href":"https:\/\/horapicodigital.com.ar\/index.php\/wp-json\/wp\/v2\/posts"}],"about":[{"href":"https:\/\/horapicodigital.com.ar\/index.php\/wp-json\/wp\/v2\/types\/post"}],"author":[{"embeddable":true,"href":"https:\/\/horapicodigital.com.ar\/index.php\/wp-json\/wp\/v2\/users\/7"}],"replies":[{"embeddable":true,"href":"https:\/\/horapicodigital.com.ar\/index.php\/wp-json\/wp\/v2\/comments?post=17940"}],"version-history":[{"count":1,"href":"https:\/\/horapicodigital.com.ar\/index.php\/wp-json\/wp\/v2\/posts\/17940\/revisions"}],"predecessor-version":[{"id":17942,"href":"https:\/\/horapicodigital.com.ar\/index.php\/wp-json\/wp\/v2\/posts\/17940\/revisions\/17942"}],"wp:featuredmedia":[{"embeddable":true,"href":"https:\/\/horapicodigital.com.ar\/index.php\/wp-json\/wp\/v2\/media\/17941"}],"wp:attachment":[{"href":"https:\/\/horapicodigital.com.ar\/index.php\/wp-json\/wp\/v2\/media?parent=17940"}],"wp:term":[{"taxonomy":"category","embeddable":true,"href":"https:\/\/horapicodigital.com.ar\/index.php\/wp-json\/wp\/v2\/categories?post=17940"},{"taxonomy":"post_tag","embeddable":true,"href":"https:\/\/horapicodigital.com.ar\/index.php\/wp-json\/wp\/v2\/tags?post=17940"}],"curies":[{"name":"wp","href":"https:\/\/api.w.org\/{rel}","templated":true}]}}