{"id":17937,"date":"2025-12-06T06:39:01","date_gmt":"2025-12-06T09:39:01","guid":{"rendered":"https:\/\/horapicodigital.com.ar\/?p=17937"},"modified":"2025-12-06T06:39:01","modified_gmt":"2025-12-06T09:39:01","slug":"fin-de-semana-largo-en-jujuy-como-seguira-el-tiempo-tras-las-fuertes-lluvias","status":"publish","type":"post","link":"https:\/\/horapicodigital.com.ar\/index.php\/2025\/12\/06\/fin-de-semana-largo-en-jujuy-como-seguira-el-tiempo-tras-las-fuertes-lluvias\/","title":{"rendered":"Fin de semana largo en Jujuy: c\u00f3mo seguir\u00e1 el tiempo tras las fuertes lluvias"},"content":{"rendered":"\n<p>Este viernes se registraron fuertes lluvias en la capital juje\u00f1a y ciudades cercanas. Qu\u00e9 dice el pron\u00f3stico para los pr\u00f3ximos d\u00edas.<\/p>\n\n\n\n<p>Las fuertes lluvias que afectaron este viernes a&nbsp;<strong>San Salvador de Jujuy<\/strong>&nbsp;y localidades cercanas dieron paso a un panorama algo m\u00e1s estable, seg\u00fan el pron\u00f3stico del&nbsp;<strong>Servicio Meteorol\u00f3gico Nacional (SMN)<\/strong>. De acuerdo al organismo, el alerta por tormentas que rigi\u00f3 durante gran parte de la semana finalizar\u00e1 este s\u00e1bado, aunque&nbsp;<strong>no se descartan nuevas precipitaciones en los pr\u00f3ximos d\u00edas<\/strong>.<\/p>\n\n\n\n<p>Para&nbsp;<strong>este s\u00e1bado<\/strong>, se prev\u00e9 una jornada con&nbsp;<strong>cielo mayormente nublado<\/strong>, una&nbsp;<strong>m\u00e1xima de 26\u00b0C<\/strong>&nbsp;y&nbsp;<strong>m\u00ednima de 17\u00b0C<\/strong>. Si bien habr\u00e1 una mejora en las condiciones, existe&nbsp;<strong>probabilidad de lluvias aisladas hacia la noche<\/strong>.<\/p>\n\n\n\n<p>El&nbsp;<strong>domingo<\/strong>&nbsp;se mantendr\u00e1n valores similares, con temperaturas de&nbsp;<strong>26\u00b0C de m\u00e1xima y 17\u00b0C de m\u00ednima<\/strong>. El tiempo ser\u00e1&nbsp;<strong>m\u00e1s inestable<\/strong>, con&nbsp;<strong>hasta un 40% de probabilidad de precipitaciones<\/strong>&nbsp;durante toda la jornada.<\/p>\n\n\n\n<p>El&nbsp;<strong>lunes<\/strong>, feriado por el D\u00eda de la Inmaculada Concepci\u00f3n, continuar\u00e1n las condiciones inestables. La m\u00e1xima prevista es de&nbsp;<strong>21\u00b0C<\/strong>&nbsp;y la m\u00ednima de&nbsp;<strong>15\u00b0C<\/strong>.<\/p>\n\n\n\n<p>Reci\u00e9n el martes, cuando se retomen las actividades tras el fin de semana largo, se espera un&nbsp;<strong>ascenso t\u00e9rmico<\/strong>, con una&nbsp;<strong>m\u00e1xima de 27\u00b0C<\/strong>&nbsp;y&nbsp;<strong>m\u00ednima de 25\u00b0C<\/strong>. El&nbsp;<strong>mi\u00e9rcoles<\/strong>&nbsp;la temperatura alcanzar\u00eda los&nbsp;<strong>30\u00b0C<\/strong>, con una m\u00ednima de&nbsp;<strong>17\u00b0C<\/strong>, mientras que el&nbsp;<strong>jueves<\/strong>&nbsp;se esperan&nbsp;<strong>28\u00b0C de m\u00e1xima<\/strong>&nbsp;y&nbsp;<strong>19\u00b0C de m\u00ednima<\/strong>.<\/p>\n\n\n\n<p><\/p>\n","protected":false},"excerpt":{"rendered":"<p>Este viernes se registraron fuertes lluvias en la capital juje\u00f1a y ciudades cercanas. Qu\u00e9 dice el pron\u00f3stico para los pr\u00f3ximos d\u00edas. Las fuertes lluvias que afectaron este viernes a&nbsp;San Salvador de Jujuy&nbsp;y localidades cercanas dieron paso a un panorama algo m\u00e1s estable, seg\u00fan el pron\u00f3stico del&nbsp;Servicio Meteorol\u00f3gico Nacional (SMN). De acuerdo al organismo, el alerta [&hellip;]<\/p>\n","protected":false},"author":7,"featured_media":17938,"comment_status":"open","ping_status":"open","sticky":false,"template":"","format":"standard","meta":{"_themeisle_gutenberg_block_has_review":false,"footnotes":""},"categories":[2711],"tags":[58],"class_list":["post-17937","post","type-post","status-publish","format-standard","has-post-thumbnail","hentry","category-clima","tag-jujuy"],"_links":{"self":[{"href":"https:\/\/horapicodigital.com.ar\/index.php\/wp-json\/wp\/v2\/posts\/17937","targetHints":{"allow":["GET"]}}],"collection":[{"href":"https:\/\/horapicodigital.com.ar\/index.php\/wp-json\/wp\/v2\/posts"}],"about":[{"href":"https:\/\/horapicodigital.com.ar\/index.php\/wp-json\/wp\/v2\/types\/post"}],"author":[{"embeddable":true,"href":"https:\/\/horapicodigital.com.ar\/index.php\/wp-json\/wp\/v2\/users\/7"}],"replies":[{"embeddable":true,"href":"https:\/\/horapicodigital.com.ar\/index.php\/wp-json\/wp\/v2\/comments?post=17937"}],"version-history":[{"count":1,"href":"https:\/\/horapicodigital.com.ar\/index.php\/wp-json\/wp\/v2\/posts\/17937\/revisions"}],"predecessor-version":[{"id":17939,"href":"https:\/\/horapicodigital.com.ar\/index.php\/wp-json\/wp\/v2\/posts\/17937\/revisions\/17939"}],"wp:featuredmedia":[{"embeddable":true,"href":"https:\/\/horapicodigital.com.ar\/index.php\/wp-json\/wp\/v2\/media\/17938"}],"wp:attachment":[{"href":"https:\/\/horapicodigital.com.ar\/index.php\/wp-json\/wp\/v2\/media?parent=17937"}],"wp:term":[{"taxonomy":"category","embeddable":true,"href":"https:\/\/horapicodigital.com.ar\/index.php\/wp-json\/wp\/v2\/categories?post=17937"},{"taxonomy":"post_tag","embeddable":true,"href":"https:\/\/horapicodigital.com.ar\/index.php\/wp-json\/wp\/v2\/tags?post=17937"}],"curies":[{"name":"wp","href":"https:\/\/api.w.org\/{rel}","templated":true}]}}