{"id":17928,"date":"2025-12-06T06:31:54","date_gmt":"2025-12-06T09:31:54","guid":{"rendered":"https:\/\/horapicodigital.com.ar\/?p=17928"},"modified":"2025-12-06T06:31:55","modified_gmt":"2025-12-06T09:31:55","slug":"confirmado-la-cena-blanca-ya-tiene-nueva-fecha","status":"publish","type":"post","link":"https:\/\/horapicodigital.com.ar\/index.php\/2025\/12\/06\/confirmado-la-cena-blanca-ya-tiene-nueva-fecha\/","title":{"rendered":"Confirmado: la Cena Blanca ya tiene nueva fecha"},"content":{"rendered":"\n<p>Tras la suspensi\u00f3n por la tormenta, el Ente Aut\u00e1rquico fij\u00f3 una nueva fecha para garantizar una noche segura y a pleno para los egresados.<br><\/p>\n\n\n\n<p>Luego de la suspensi\u00f3n preventiva por la fuerte tormenta que afect\u00f3 San Salvador de Jujuy, la\u00a0<strong>Cena Blanca 2025<\/strong>\u00a0ya tiene nueva fecha:\u00a0<strong>se realizar\u00e1 ma\u00f1ana, 6 de diciembre<\/strong>, en la Ciudad Cultural. La confirmaci\u00f3n lleg\u00f3 por parte del\u00a0<strong>Ente Aut\u00e1rquico Permanente<\/strong>, que evalu\u00f3 el clima y las condiciones del predio para asegurar una celebraci\u00f3n sin riesgos.<\/p>\n\n\n\n<p>Los estudiantes que ayer se hab\u00edan reunido bajo la lluvia, refugiados en las carpas mientras esperaban definiciones, podr\u00e1n finalmente vivir su noche tan esperada. Desde la organizaci\u00f3n destacaron que la prioridad fue siempre la&nbsp;<strong>seguridad<\/strong>&nbsp;y el&nbsp;<strong>bienestar<\/strong>&nbsp;de todos los egresados y sus familias.<\/p>\n\n\n\n<p>Durante la jornada de hoy, se realizar\u00e1 la puesta a punto del predio y se revisar\u00e1n todos los sectores para garantizar que ma\u00f1ana el evento se desarrolle con normalidad. Los horarios y el cronograma oficial se mantendr\u00e1n tal como estaban previstos.<\/p>\n\n\n\n<p><strong>Que Pasa Jujuy<\/strong>\u00a0estar\u00e1 presente nuevamente para seguir de cerca cada detalle de la celebraci\u00f3n.<\/p>\n","protected":false},"excerpt":{"rendered":"<p>Tras la suspensi\u00f3n por la tormenta, el Ente Aut\u00e1rquico fij\u00f3 una nueva fecha para garantizar una noche segura y a pleno para los egresados. Luego de la suspensi\u00f3n preventiva por la fuerte tormenta que afect\u00f3 San Salvador de Jujuy, la\u00a0Cena Blanca 2025\u00a0ya tiene nueva fecha:\u00a0se realizar\u00e1 ma\u00f1ana, 6 de diciembre, en la Ciudad Cultural. La [&hellip;]<\/p>\n","protected":false},"author":7,"featured_media":17929,"comment_status":"open","ping_status":"open","sticky":false,"template":"","format":"standard","meta":{"_themeisle_gutenberg_block_has_review":false,"footnotes":""},"categories":[2711,2714],"tags":[58],"class_list":["post-17928","post","type-post","status-publish","format-standard","has-post-thumbnail","hentry","category-clima","category-shows-y-eventos","tag-jujuy"],"_links":{"self":[{"href":"https:\/\/horapicodigital.com.ar\/index.php\/wp-json\/wp\/v2\/posts\/17928","targetHints":{"allow":["GET"]}}],"collection":[{"href":"https:\/\/horapicodigital.com.ar\/index.php\/wp-json\/wp\/v2\/posts"}],"about":[{"href":"https:\/\/horapicodigital.com.ar\/index.php\/wp-json\/wp\/v2\/types\/post"}],"author":[{"embeddable":true,"href":"https:\/\/horapicodigital.com.ar\/index.php\/wp-json\/wp\/v2\/users\/7"}],"replies":[{"embeddable":true,"href":"https:\/\/horapicodigital.com.ar\/index.php\/wp-json\/wp\/v2\/comments?post=17928"}],"version-history":[{"count":1,"href":"https:\/\/horapicodigital.com.ar\/index.php\/wp-json\/wp\/v2\/posts\/17928\/revisions"}],"predecessor-version":[{"id":17930,"href":"https:\/\/horapicodigital.com.ar\/index.php\/wp-json\/wp\/v2\/posts\/17928\/revisions\/17930"}],"wp:featuredmedia":[{"embeddable":true,"href":"https:\/\/horapicodigital.com.ar\/index.php\/wp-json\/wp\/v2\/media\/17929"}],"wp:attachment":[{"href":"https:\/\/horapicodigital.com.ar\/index.php\/wp-json\/wp\/v2\/media?parent=17928"}],"wp:term":[{"taxonomy":"category","embeddable":true,"href":"https:\/\/horapicodigital.com.ar\/index.php\/wp-json\/wp\/v2\/categories?post=17928"},{"taxonomy":"post_tag","embeddable":true,"href":"https:\/\/horapicodigital.com.ar\/index.php\/wp-json\/wp\/v2\/tags?post=17928"}],"curies":[{"name":"wp","href":"https:\/\/api.w.org\/{rel}","templated":true}]}}