{"id":17925,"date":"2025-12-06T06:29:39","date_gmt":"2025-12-06T09:29:39","guid":{"rendered":"https:\/\/horapicodigital.com.ar\/?p=17925"},"modified":"2025-12-06T06:29:40","modified_gmt":"2025-12-06T09:29:40","slug":"perico-posterga-la-cena-blanca-por-el-temporal","status":"publish","type":"post","link":"https:\/\/horapicodigital.com.ar\/index.php\/2025\/12\/06\/perico-posterga-la-cena-blanca-por-el-temporal\/","title":{"rendered":"Perico posterga la Cena Blanca, Por el temporal"},"content":{"rendered":"\n<p>El mal clima oblig\u00f3 a postergar el evento. Ma\u00f1ana se realizar\u00e1 la pasarela.<\/p>\n\n\n\n<p>La Cena Blanca en Perico fue\u00a0<strong>postergada<\/strong>\u00a0debido al fuerte temporal que afecta a la regi\u00f3n. Seg\u00fan informaron\u00a0<strong>autoridades consultadas por Que Pasa Jujuy<\/strong>, se decidi\u00f3\u00a0<strong>suspender la pasarela prevista para esta noche<\/strong>\u00a0y reprogramarla para ma\u00f1ana por la tarde-noche, siempre y cuando el clima mejore.<\/p>\n\n\n\n<p>A pesar de la suspensi\u00f3n del evento principal, se confirm\u00f3 que&nbsp;<strong>los estudiantes igualmente celebrar\u00e1n esta noche en sus respectivos salones<\/strong>, donde cada escuela llevar\u00e1 adelante su propio festejo para no perder la jornada especial.<\/p>\n\n\n\n<p>La medida llega despu\u00e9s de la suspensi\u00f3n de la Cena Blanca en San Salvador, tambi\u00e9n afectada por las intensas lluvias. En Perico, priorizan la seguridad de los j\u00f3venes y sus familias mientras se espera que el temporal ceda.<\/p>\n\n\n\n<p>Por ahora, los organizadores mantienen la reprogramaci\u00f3n y aguardan nuevas actualizaciones del Servicio Meteorol\u00f3gico Nacional, que sostiene\u00a0<strong>alerta por tormentas<\/strong>\u00a0para la zona.<\/p>\n","protected":false},"excerpt":{"rendered":"<p>El mal clima oblig\u00f3 a postergar el evento. Ma\u00f1ana se realizar\u00e1 la pasarela. La Cena Blanca en Perico fue\u00a0postergada\u00a0debido al fuerte temporal que afecta a la regi\u00f3n. Seg\u00fan informaron\u00a0autoridades consultadas por Que Pasa Jujuy, se decidi\u00f3\u00a0suspender la pasarela prevista para esta noche\u00a0y reprogramarla para ma\u00f1ana por la tarde-noche, siempre y cuando el clima mejore. A [&hellip;]<\/p>\n","protected":false},"author":7,"featured_media":17926,"comment_status":"open","ping_status":"open","sticky":false,"template":"","format":"standard","meta":{"_themeisle_gutenberg_block_has_review":false,"footnotes":""},"categories":[2711,2714],"tags":[58],"class_list":["post-17925","post","type-post","status-publish","format-standard","has-post-thumbnail","hentry","category-clima","category-shows-y-eventos","tag-jujuy"],"_links":{"self":[{"href":"https:\/\/horapicodigital.com.ar\/index.php\/wp-json\/wp\/v2\/posts\/17925","targetHints":{"allow":["GET"]}}],"collection":[{"href":"https:\/\/horapicodigital.com.ar\/index.php\/wp-json\/wp\/v2\/posts"}],"about":[{"href":"https:\/\/horapicodigital.com.ar\/index.php\/wp-json\/wp\/v2\/types\/post"}],"author":[{"embeddable":true,"href":"https:\/\/horapicodigital.com.ar\/index.php\/wp-json\/wp\/v2\/users\/7"}],"replies":[{"embeddable":true,"href":"https:\/\/horapicodigital.com.ar\/index.php\/wp-json\/wp\/v2\/comments?post=17925"}],"version-history":[{"count":1,"href":"https:\/\/horapicodigital.com.ar\/index.php\/wp-json\/wp\/v2\/posts\/17925\/revisions"}],"predecessor-version":[{"id":17927,"href":"https:\/\/horapicodigital.com.ar\/index.php\/wp-json\/wp\/v2\/posts\/17925\/revisions\/17927"}],"wp:featuredmedia":[{"embeddable":true,"href":"https:\/\/horapicodigital.com.ar\/index.php\/wp-json\/wp\/v2\/media\/17926"}],"wp:attachment":[{"href":"https:\/\/horapicodigital.com.ar\/index.php\/wp-json\/wp\/v2\/media?parent=17925"}],"wp:term":[{"taxonomy":"category","embeddable":true,"href":"https:\/\/horapicodigital.com.ar\/index.php\/wp-json\/wp\/v2\/categories?post=17925"},{"taxonomy":"post_tag","embeddable":true,"href":"https:\/\/horapicodigital.com.ar\/index.php\/wp-json\/wp\/v2\/tags?post=17925"}],"curies":[{"name":"wp","href":"https:\/\/api.w.org\/{rel}","templated":true}]}}