{"id":17916,"date":"2025-12-05T09:39:26","date_gmt":"2025-12-05T12:39:26","guid":{"rendered":"https:\/\/horapicodigital.com.ar\/?p=17916"},"modified":"2025-12-05T09:39:27","modified_gmt":"2025-12-05T12:39:27","slug":"la-madre-de-la-jujena-desaparecida-en-cordoba-rompio-el-silencio-y-hablo-de-un-sospechoso","status":"publish","type":"post","link":"https:\/\/horapicodigital.com.ar\/index.php\/2025\/12\/05\/la-madre-de-la-jujena-desaparecida-en-cordoba-rompio-el-silencio-y-hablo-de-un-sospechoso\/","title":{"rendered":"La madre de la juje\u00f1a desaparecida en C\u00f3rdoba rompi\u00f3 el silencio y habl\u00f3 de un sospechoso"},"content":{"rendered":"\n<p>La madre de la juje\u00f1a desaparecida en C\u00f3rdoba rompi\u00f3 el silencio y habl\u00f3 de un sospechoso<\/p>\n\n\n\n<p>Familiares, amigos y vecinos marcharon este jueves por la tarde en\u00a0<strong>C\u00f3rdoba<\/strong>\u00a0para pedir avances en la b\u00fasqueda de\u00a0<strong>Delicia Mamani,<\/strong>\u00a0la joven\u00a0<strong>juje\u00f1a desaparecida<\/strong>\u00a0el 21 de noviembre de su hogar en Malague\u00f1o,\u00a0donde estudia el Profesorado de Primaria en la Escuela Normal Superior Alejandro Carb\u00f3.<\/p>\n\n\n\n<h2 class=\"wp-block-heading\">Denuncian a un sospechoso cercano a la familia<\/h2>\n\n\n\n<p>Natalia Lescano, abogada de la familia, confirm\u00f3 a&nbsp;<em>Cba24<\/em>&nbsp;que hay un&nbsp;<strong>hombre denunciado<\/strong>&nbsp;por la desaparici\u00f3n, apuntado por la Mar\u00eda Maman\u00ed la madre de la joven. Se trata de un allegado a la familia pol\u00edtica que, seg\u00fan la se\u00f1ora,&nbsp;<strong>es una persona de \u00abmalvivir\u00bb y sin trabajo.<\/strong><\/p>\n\n\n\n<p>La defensa inform\u00f3 que se hizo una\u00a0<strong>presentaci\u00f3n formal\u00a0<\/strong>con pruebas recopiladas\u00a0por la madre de Delicia y sus compa\u00f1eros. En la unidad judicial constantes videos y documentaci\u00f3n vinculadas al sospechoso, a la espera de que la investigaci\u00f3n.<\/p>\n\n\n\n<h2 class=\"wp-block-heading\">Datos sobre los videos<\/h2>\n\n\n\n<p>\u00abHemos encontrado unos videos donde se la ve a Delicia&nbsp;<strong>en la terminal de Villaz\u00f3n hacia Potos\u00ed, Bolivia<\/strong>\u00ab, expres\u00f3 la abogada Lescano adem\u00e1s tener \u00abuna lista de pasajeros donde estar\u00eda el nombre de Delicia\u00bb.<\/p>\n\n\n\n<h2 class=\"wp-block-heading\">Cambios en conducta antes de la desaparici\u00f3n<\/h2>\n\n\n\n<p>Compa\u00f1eras y profesores notaron una actitud angustiada y llorosa en Delicia antes de desaparecer,&nbsp;<strong>detalles que aumentan la preocupaci\u00f3n<\/strong>&nbsp;sobre lo ocurrido y fortalecen la hip\u00f3tesis de la implicaci\u00f3n del sospechoso.<\/p>\n","protected":false},"excerpt":{"rendered":"<p>La madre de la juje\u00f1a desaparecida en C\u00f3rdoba rompi\u00f3 el silencio y habl\u00f3 de un sospechoso Familiares, amigos y vecinos marcharon este jueves por la tarde en\u00a0C\u00f3rdoba\u00a0para pedir avances en la b\u00fasqueda de\u00a0Delicia Mamani,\u00a0la joven\u00a0juje\u00f1a desaparecida\u00a0el 21 de noviembre de su hogar en Malague\u00f1o,\u00a0donde estudia el Profesorado de Primaria en la Escuela Normal Superior Alejandro [&hellip;]<\/p>\n","protected":false},"author":7,"featured_media":17917,"comment_status":"open","ping_status":"open","sticky":false,"template":"","format":"standard","meta":{"_themeisle_gutenberg_block_has_review":false,"footnotes":""},"categories":[2877],"tags":[58],"class_list":["post-17916","post","type-post","status-publish","format-standard","has-post-thumbnail","hentry","category-crimen-y-justicia","tag-jujuy"],"_links":{"self":[{"href":"https:\/\/horapicodigital.com.ar\/index.php\/wp-json\/wp\/v2\/posts\/17916","targetHints":{"allow":["GET"]}}],"collection":[{"href":"https:\/\/horapicodigital.com.ar\/index.php\/wp-json\/wp\/v2\/posts"}],"about":[{"href":"https:\/\/horapicodigital.com.ar\/index.php\/wp-json\/wp\/v2\/types\/post"}],"author":[{"embeddable":true,"href":"https:\/\/horapicodigital.com.ar\/index.php\/wp-json\/wp\/v2\/users\/7"}],"replies":[{"embeddable":true,"href":"https:\/\/horapicodigital.com.ar\/index.php\/wp-json\/wp\/v2\/comments?post=17916"}],"version-history":[{"count":1,"href":"https:\/\/horapicodigital.com.ar\/index.php\/wp-json\/wp\/v2\/posts\/17916\/revisions"}],"predecessor-version":[{"id":17918,"href":"https:\/\/horapicodigital.com.ar\/index.php\/wp-json\/wp\/v2\/posts\/17916\/revisions\/17918"}],"wp:featuredmedia":[{"embeddable":true,"href":"https:\/\/horapicodigital.com.ar\/index.php\/wp-json\/wp\/v2\/media\/17917"}],"wp:attachment":[{"href":"https:\/\/horapicodigital.com.ar\/index.php\/wp-json\/wp\/v2\/media?parent=17916"}],"wp:term":[{"taxonomy":"category","embeddable":true,"href":"https:\/\/horapicodigital.com.ar\/index.php\/wp-json\/wp\/v2\/categories?post=17916"},{"taxonomy":"post_tag","embeddable":true,"href":"https:\/\/horapicodigital.com.ar\/index.php\/wp-json\/wp\/v2\/tags?post=17916"}],"curies":[{"name":"wp","href":"https:\/\/api.w.org\/{rel}","templated":true}]}}