{"id":17905,"date":"2025-12-04T09:40:35","date_gmt":"2025-12-04T12:40:35","guid":{"rendered":"https:\/\/horapicodigital.com.ar\/?p=17905"},"modified":"2025-12-04T09:40:36","modified_gmt":"2025-12-04T12:40:36","slug":"crueldad-animal-dos-personas-fueron-condenadas-a-6-meses-de-prision-condicional-en-jujuy","status":"publish","type":"post","link":"https:\/\/horapicodigital.com.ar\/index.php\/2025\/12\/04\/crueldad-animal-dos-personas-fueron-condenadas-a-6-meses-de-prision-condicional-en-jujuy\/","title":{"rendered":"Crueldad animal: dos personas fueron condenadas a 6 meses de prisi\u00f3n condicional en Jujuy"},"content":{"rendered":"\n<p>Dos personas fueron condenadas a 6 a\u00f1os de prisi\u00f3n condicional por<strong>\u00a0crueldad animal en San Salvador de Jujuy<\/strong>. Adem\u00e1s deber\u00e1n cumplir con ciertas medidas.<\/p>\n\n\n\n<p>La audiencia se realiz\u00f3 el 2 de diciembre de 2025 y estuvo a cargo de la Jueza con funciones de Control Ambiental, Dra. Laura Flores, quien homolog\u00f3 el acuerdo alcanzado entre las partes.<\/p>\n\n\n\n<h2 class=\"wp-block-heading\">Detalles de la condena<\/h2>\n\n\n\n<p>Los dos imputados fueron considerados coautores penalmente responsables del delito de Crueldad Animal y recibieron una pena de&nbsp;<strong>seis meses de prisi\u00f3n en ejecuci\u00f3n condicional<\/strong>.<\/p>\n\n\n\n<p>La sentencia incluye varias medidas de resguardo obligatorias:<\/p>\n\n\n\n<ul class=\"wp-block-list\">\n<li>Firma peri\u00f3dica en un libro de cauciones.<\/li>\n\n\n\n<li>Realizaci\u00f3n de un curso de sensibilizaci\u00f3n y concientizaci\u00f3n animal de 40 horas.<\/li>\n\n\n\n<li>Prohibici\u00f3n de acercarse o tener contacto con animales hasta completar dicha capacitaci\u00f3n.<\/li>\n\n\n\n<li>Prohibici\u00f3n de actos de hostigamiento hacia la denunciante y testigos.<\/li>\n\n\n\n<li>Donaci\u00f3n de 50 kilos de alimento balanceado para perros por parte de cada imputado a la Sociedad Protectora de Animales, en un plazo de quince d\u00edas.<\/li>\n<\/ul>\n\n\n\n<h2 class=\"wp-block-heading\">Situaci\u00f3n procesal de los imputados<\/h2>\n\n\n\n<p>En la misma resoluci\u00f3n, la magistrada dispuso el&nbsp;<strong>cese de la prisi\u00f3n preventiva<\/strong>&nbsp;que pesaba sobre los imputados desde quince d\u00edas antes. Tras la homologaci\u00f3n del acuerdo, ambos recuperaron su libertad bajo las condiciones fijadas por la condena condicional.<\/p>\n\n\n\n<h2 class=\"wp-block-heading\">El rol del MPA en la protecci\u00f3n animal<\/h2>\n\n\n\n<p>El Ministerio P\u00fablico de la Acusaci\u00f3n destac\u00f3 que este tipo de causas forma parte de su tarea de investigaci\u00f3n y persecuci\u00f3n de delitos ambientales y de maltrato animal. El organismo remarc\u00f3 que busca garantizar que quienes incurran en estas conductas enfrenten las consecuencias legales, promoviendo as\u00ed el respeto y la responsabilidad hacia todos los seres vivos.<\/p>\n","protected":false},"excerpt":{"rendered":"<p>Dos personas fueron condenadas a 6 a\u00f1os de prisi\u00f3n condicional por\u00a0crueldad animal en San Salvador de Jujuy. Adem\u00e1s deber\u00e1n cumplir con ciertas medidas. La audiencia se realiz\u00f3 el 2 de diciembre de 2025 y estuvo a cargo de la Jueza con funciones de Control Ambiental, Dra. Laura Flores, quien homolog\u00f3 el acuerdo alcanzado entre las [&hellip;]<\/p>\n","protected":false},"author":7,"featured_media":17906,"comment_status":"open","ping_status":"open","sticky":false,"template":"","format":"standard","meta":{"_themeisle_gutenberg_block_has_review":false,"footnotes":""},"categories":[2854,118],"tags":[58],"class_list":["post-17905","post","type-post","status-publish","format-standard","has-post-thumbnail","hentry","category-seguridad","category-sociedad","tag-jujuy"],"_links":{"self":[{"href":"https:\/\/horapicodigital.com.ar\/index.php\/wp-json\/wp\/v2\/posts\/17905","targetHints":{"allow":["GET"]}}],"collection":[{"href":"https:\/\/horapicodigital.com.ar\/index.php\/wp-json\/wp\/v2\/posts"}],"about":[{"href":"https:\/\/horapicodigital.com.ar\/index.php\/wp-json\/wp\/v2\/types\/post"}],"author":[{"embeddable":true,"href":"https:\/\/horapicodigital.com.ar\/index.php\/wp-json\/wp\/v2\/users\/7"}],"replies":[{"embeddable":true,"href":"https:\/\/horapicodigital.com.ar\/index.php\/wp-json\/wp\/v2\/comments?post=17905"}],"version-history":[{"count":1,"href":"https:\/\/horapicodigital.com.ar\/index.php\/wp-json\/wp\/v2\/posts\/17905\/revisions"}],"predecessor-version":[{"id":17907,"href":"https:\/\/horapicodigital.com.ar\/index.php\/wp-json\/wp\/v2\/posts\/17905\/revisions\/17907"}],"wp:featuredmedia":[{"embeddable":true,"href":"https:\/\/horapicodigital.com.ar\/index.php\/wp-json\/wp\/v2\/media\/17906"}],"wp:attachment":[{"href":"https:\/\/horapicodigital.com.ar\/index.php\/wp-json\/wp\/v2\/media?parent=17905"}],"wp:term":[{"taxonomy":"category","embeddable":true,"href":"https:\/\/horapicodigital.com.ar\/index.php\/wp-json\/wp\/v2\/categories?post=17905"},{"taxonomy":"post_tag","embeddable":true,"href":"https:\/\/horapicodigital.com.ar\/index.php\/wp-json\/wp\/v2\/tags?post=17905"}],"curies":[{"name":"wp","href":"https:\/\/api.w.org\/{rel}","templated":true}]}}