{"id":17866,"date":"2025-12-03T08:32:42","date_gmt":"2025-12-03T11:32:42","guid":{"rendered":"https:\/\/horapicodigital.com.ar\/?p=17866"},"modified":"2025-12-03T08:32:43","modified_gmt":"2025-12-03T11:32:43","slug":"asueto-administrativo-para-empleados-publicos","status":"publish","type":"post","link":"https:\/\/horapicodigital.com.ar\/index.php\/2025\/12\/03\/asueto-administrativo-para-empleados-publicos\/","title":{"rendered":"Asueto administrativo para empleados p\u00fablicos"},"content":{"rendered":"\n<p>El Gobierno de la Provincia, mediante Decreto N\u00b0 4401 dispuso otorgar asueto administrativo el d\u00eda 5 de diciembre de 2025 a todo el personal de la Administraci\u00f3n Publica Provincial, Centralizada, Descentralizada y de Organismos Aut\u00e1rquicos que no hayan gozado del beneficio por id\u00e9ntico motivo durante el a\u00f1o en curso.<\/p>\n\n\n\n<p>En los considerando de la medida, se se\u00f1ala que el d\u00eda 5 de diciembre (primer d\u00eda viernes del mes) se celebra el \u201cD\u00eda del Empleado P\u00fablico Provincial\u201d, instituido en beneficio de los servidores del Estado.<\/p>\n\n\n\n<p>Se\u00f1ala, asimismo, que es prop\u00f3sito del Gobierno de la Provincia adherir a la citada celebraci\u00f3n, por lo que considero oportuno y necesario conceder la medida a favor de los agentes de la administraci\u00f3n p\u00fablica que no gozaron de asueto durante el a\u00f1o en curso por celebraciones de id\u00e9ntico motivo.<\/p>\n\n\n\n<p><\/p>\n","protected":false},"excerpt":{"rendered":"<p>El Gobierno de la Provincia, mediante Decreto N\u00b0 4401 dispuso otorgar asueto administrativo el d\u00eda 5 de diciembre de 2025 a todo el personal de la Administraci\u00f3n Publica Provincial, Centralizada, Descentralizada y de Organismos Aut\u00e1rquicos que no hayan gozado del beneficio por id\u00e9ntico motivo durante el a\u00f1o en curso. En los considerando de la medida, [&hellip;]<\/p>\n","protected":false},"author":7,"featured_media":17867,"comment_status":"open","ping_status":"open","sticky":false,"template":"","format":"standard","meta":{"_themeisle_gutenberg_block_has_review":false,"footnotes":""},"categories":[8,118],"tags":[58],"class_list":["post-17866","post","type-post","status-publish","format-standard","has-post-thumbnail","hentry","category-fin-de-semana","category-sociedad","tag-jujuy"],"_links":{"self":[{"href":"https:\/\/horapicodigital.com.ar\/index.php\/wp-json\/wp\/v2\/posts\/17866","targetHints":{"allow":["GET"]}}],"collection":[{"href":"https:\/\/horapicodigital.com.ar\/index.php\/wp-json\/wp\/v2\/posts"}],"about":[{"href":"https:\/\/horapicodigital.com.ar\/index.php\/wp-json\/wp\/v2\/types\/post"}],"author":[{"embeddable":true,"href":"https:\/\/horapicodigital.com.ar\/index.php\/wp-json\/wp\/v2\/users\/7"}],"replies":[{"embeddable":true,"href":"https:\/\/horapicodigital.com.ar\/index.php\/wp-json\/wp\/v2\/comments?post=17866"}],"version-history":[{"count":1,"href":"https:\/\/horapicodigital.com.ar\/index.php\/wp-json\/wp\/v2\/posts\/17866\/revisions"}],"predecessor-version":[{"id":17868,"href":"https:\/\/horapicodigital.com.ar\/index.php\/wp-json\/wp\/v2\/posts\/17866\/revisions\/17868"}],"wp:featuredmedia":[{"embeddable":true,"href":"https:\/\/horapicodigital.com.ar\/index.php\/wp-json\/wp\/v2\/media\/17867"}],"wp:attachment":[{"href":"https:\/\/horapicodigital.com.ar\/index.php\/wp-json\/wp\/v2\/media?parent=17866"}],"wp:term":[{"taxonomy":"category","embeddable":true,"href":"https:\/\/horapicodigital.com.ar\/index.php\/wp-json\/wp\/v2\/categories?post=17866"},{"taxonomy":"post_tag","embeddable":true,"href":"https:\/\/horapicodigital.com.ar\/index.php\/wp-json\/wp\/v2\/tags?post=17866"}],"curies":[{"name":"wp","href":"https:\/\/api.w.org\/{rel}","templated":true}]}}