{"id":17863,"date":"2025-12-02T08:30:06","date_gmt":"2025-12-02T11:30:06","guid":{"rendered":"https:\/\/horapicodigital.com.ar\/?p=17863"},"modified":"2025-12-02T08:30:07","modified_gmt":"2025-12-02T11:30:07","slug":"una-navidad-con-amor-juntan-comida-y-juguetes-para-los-chicos-del-merendero","status":"publish","type":"post","link":"https:\/\/horapicodigital.com.ar\/index.php\/2025\/12\/02\/una-navidad-con-amor-juntan-comida-y-juguetes-para-los-chicos-del-merendero\/","title":{"rendered":"Una Navidad con amor: juntan comida y juguetes para los chicos del merendero"},"content":{"rendered":"\n<p>Con una colecta solidaria, quieren regalar alimento, contenci\u00f3n y un momento de alegr\u00eda en una fecha tan especial.<\/p>\n\n\n\n<p><strong>El merendero\u00a0<em>Tierra de Valientes<\/em>, ubicado en el barrio Tupac Amaru de Alto Comedero, inici\u00f3 una\u00a0colecta solidaria con el objetivo de organizar una cena navide\u00f1a\u00a0<\/strong>para los cientos de ni\u00f1os, ni\u00f1as y familias que asisten diariamente en busca de un plato de comida.<\/p>\n\n\n\n<p>La iniciativa, que se realizar\u00e1 el&nbsp;<strong>6 de diciembre<\/strong>, busca reunir alimentos para vivir una noche diferente en medio de un contexto donde la pobreza golpea con fuerza a la comunidad.<\/p>\n\n\n\n<p>Desde la instituci\u00f3n explicaron que la idea es \u201ccompartir una cena especial, con pollo y ensalada rusa, y entregar regalitos a los chicos que tanto lo necesitan\u201d.&nbsp;<strong>El merendero funciona gracias al trabajo voluntario de vecinos del barrio, encabezados por Karen Alejo, y no solo brindan alimentaci\u00f3n sino acompa\u00f1amiento social y contenci\u00f3n.<\/strong><\/p>\n\n\n\n<p>Para poder llevar adelante la cena, Tierra de Valientes solicita colaboraci\u00f3n de la comunidad con:<\/p>\n\n\n\n<ul class=\"wp-block-list\">\n<li>Pollo, papas, zanahorias, arvejas y mayonesa<\/li>\n\n\n\n<li>Juguetes<\/li>\n\n\n\n<li>Ropita de temporada y calzados<\/li>\n\n\n\n<li>Golosinas<\/li>\n\n\n\n<li>Leche, az\u00facar y cacao<\/li>\n\n\n\n<li>Alimentos no perecederos<\/li>\n<\/ul>\n\n\n\n<p>Adem\u00e1s, se entregar\u00e1n regalitos navide\u00f1os y un men\u00fa completo para que ninguna familia quede afuera de la celebraci\u00f3n.<\/p>\n\n\n\n<h3 class=\"wp-block-heading\"><strong>Quienes deseen ayudar pueden comunicarse a los tel\u00e9fonos: Juan: 3885758472 \/ Karen: 3884674788<\/strong><\/h3>\n\n\n\n<p>La cena solidaria se convierte cada a\u00f1o en un abrazo colectivo para las familias del barrio, que atraviesan situaciones muy dif\u00edciles. Desde el merendero destacaron que<strong>&nbsp;\u201ccada colaboraci\u00f3n, por peque\u00f1a que sea, ayuda a que un ni\u00f1o pase una Navidad m\u00e1s feliz\u201d.<\/strong><\/p>\n","protected":false},"excerpt":{"rendered":"<p>Con una colecta solidaria, quieren regalar alimento, contenci\u00f3n y un momento de alegr\u00eda en una fecha tan especial. El merendero\u00a0Tierra de Valientes, ubicado en el barrio Tupac Amaru de Alto Comedero, inici\u00f3 una\u00a0colecta solidaria con el objetivo de organizar una cena navide\u00f1a\u00a0para los cientos de ni\u00f1os, ni\u00f1as y familias que asisten diariamente en busca de [&hellip;]<\/p>\n","protected":false},"author":7,"featured_media":17864,"comment_status":"open","ping_status":"open","sticky":false,"template":"","format":"standard","meta":{"_themeisle_gutenberg_block_has_review":false,"footnotes":""},"categories":[32,118],"tags":[58],"class_list":["post-17863","post","type-post","status-publish","format-standard","has-post-thumbnail","hentry","category-locales","category-sociedad","tag-jujuy"],"_links":{"self":[{"href":"https:\/\/horapicodigital.com.ar\/index.php\/wp-json\/wp\/v2\/posts\/17863","targetHints":{"allow":["GET"]}}],"collection":[{"href":"https:\/\/horapicodigital.com.ar\/index.php\/wp-json\/wp\/v2\/posts"}],"about":[{"href":"https:\/\/horapicodigital.com.ar\/index.php\/wp-json\/wp\/v2\/types\/post"}],"author":[{"embeddable":true,"href":"https:\/\/horapicodigital.com.ar\/index.php\/wp-json\/wp\/v2\/users\/7"}],"replies":[{"embeddable":true,"href":"https:\/\/horapicodigital.com.ar\/index.php\/wp-json\/wp\/v2\/comments?post=17863"}],"version-history":[{"count":1,"href":"https:\/\/horapicodigital.com.ar\/index.php\/wp-json\/wp\/v2\/posts\/17863\/revisions"}],"predecessor-version":[{"id":17865,"href":"https:\/\/horapicodigital.com.ar\/index.php\/wp-json\/wp\/v2\/posts\/17863\/revisions\/17865"}],"wp:featuredmedia":[{"embeddable":true,"href":"https:\/\/horapicodigital.com.ar\/index.php\/wp-json\/wp\/v2\/media\/17864"}],"wp:attachment":[{"href":"https:\/\/horapicodigital.com.ar\/index.php\/wp-json\/wp\/v2\/media?parent=17863"}],"wp:term":[{"taxonomy":"category","embeddable":true,"href":"https:\/\/horapicodigital.com.ar\/index.php\/wp-json\/wp\/v2\/categories?post=17863"},{"taxonomy":"post_tag","embeddable":true,"href":"https:\/\/horapicodigital.com.ar\/index.php\/wp-json\/wp\/v2\/tags?post=17863"}],"curies":[{"name":"wp","href":"https:\/\/api.w.org\/{rel}","templated":true}]}}