{"id":17851,"date":"2025-12-02T08:20:22","date_gmt":"2025-12-02T11:20:22","guid":{"rendered":"https:\/\/horapicodigital.com.ar\/?p=17851"},"modified":"2025-12-02T08:20:23","modified_gmt":"2025-12-02T11:20:23","slug":"arranca-la-tercera-preinscripcion-para-el-ingreso-a-1er-ano-2026-fechas-y-todo-el-cronograma","status":"publish","type":"post","link":"https:\/\/horapicodigital.com.ar\/index.php\/2025\/12\/02\/arranca-la-tercera-preinscripcion-para-el-ingreso-a-1er-ano-2026-fechas-y-todo-el-cronograma\/","title":{"rendered":"Arranca la tercera preinscripci\u00f3n para el ingreso a 1er a\u00f1o 2026: fechas y todo el cronograma"},"content":{"rendered":"\n<p>Este martes inicia la \u00faltima etapa para la\u00a0<strong>preinscripci\u00f3n para el ingreso a 1er a\u00f1o 2026.<\/strong>\u00a0Te contamos todos los detalles.<\/p>\n\n\n\n<p>Durante el mes de diciembre se desarrollar\u00e1 la \u00faltima etapa para\u00a0<strong>la preinscripci\u00f3n<\/strong>\u00a0para el<strong>\u00a0ingreso a 1er a\u00f1o 2026.\u00a0<\/strong>El\u00a0<strong>Ministerio de Educaci\u00f3n<\/strong>\u00a0comparti\u00f3 las fechas del cronograma para quienes todav\u00eda no cuentan con banco para el pr\u00f3ximo a\u00f1o en el Nivel Secundario.<\/p>\n\n\n\n<p>A partir de&nbsp;<strong>este martes 2 de diciembre&nbsp;<\/strong>arrancar\u00e1 la&nbsp;<strong>tercera preinscripci\u00f3n<\/strong>, con opci\u00f3n a seleccionar hasta dos escuelas.<\/p>\n\n\n\n<h2 class=\"wp-block-heading\">Cronograma para el ingreso a 1er a\u00f1o 2026<\/h2>\n\n\n\n<ul class=\"wp-block-list\">\n<li><strong>2 y 3 de diciembre:<\/strong>\u00a0tercera preinscripci\u00f3n, con opci\u00f3n a seleccionar hasta dos escuelas.<\/li>\n\n\n\n<li><strong>9 de diciembre:<\/strong>\u00a0asignaci\u00f3n de \u201cmomentos\u201d para instituciones con alta demanda.<\/li>\n\n\n\n<li><strong>11 de diciembre:<\/strong>\u00a0publicaci\u00f3n de vacantes resultantes.<\/li>\n\n\n\n<li><strong>12, 15 y 16 de diciembre:<\/strong>\u00a0instancia final de confirmaci\u00f3n con documentaci\u00f3n presentada.<\/li>\n<\/ul>\n\n\n\n<p>Cabe destacar que esta es la \u00faltima etapa del proceso de inscripci\u00f3n para el ingreso a 1er a\u00f1o 2026.<\/p>\n\n\n\n<h2 class=\"wp-block-heading\">Ciclo lectivo 2026 en Jujuy: inicio de clases, vacaciones de invierno y cierre<\/h2>\n\n\n\n<p><strong>Confirmaron todas las fechas del ciclo lectivo 2026 en Jujuy.\u00a0<\/strong>Seg\u00fan confirmaron desde el Ministerio de Educaci\u00f3n. el nivel primario deber\u00e1 cumplir 190 d\u00edas de clases y 760 horas reloj, mientras que en el nivel secundario la carga ser\u00e1 de 900 horas.<\/p>\n\n\n\n<p>En nuestra provincia el ciclo lectivo comenzar\u00e1 el lunes 23 de febrero, mientras que el receso escolar, es decir las vacaciones de invierno, ser\u00e1n desde el lunes 13 al viernes 24 de julio. El cierre del periodo regular de clases est\u00e1 previsto para el viernes 18 de diciembre.<\/p>\n\n\n\n<p><\/p>\n","protected":false},"excerpt":{"rendered":"<p>Este martes inicia la \u00faltima etapa para la\u00a0preinscripci\u00f3n para el ingreso a 1er a\u00f1o 2026.\u00a0Te contamos todos los detalles. Durante el mes de diciembre se desarrollar\u00e1 la \u00faltima etapa para\u00a0la preinscripci\u00f3n\u00a0para el\u00a0ingreso a 1er a\u00f1o 2026.\u00a0El\u00a0Ministerio de Educaci\u00f3n\u00a0comparti\u00f3 las fechas del cronograma para quienes todav\u00eda no cuentan con banco para el pr\u00f3ximo a\u00f1o en el [&hellip;]<\/p>\n","protected":false},"author":7,"featured_media":0,"comment_status":"open","ping_status":"open","sticky":false,"template":"","format":"standard","meta":{"_themeisle_gutenberg_block_has_review":false,"footnotes":""},"categories":[248],"tags":[58],"class_list":["post-17851","post","type-post","status-publish","format-standard","hentry","category-educacion","tag-jujuy"],"_links":{"self":[{"href":"https:\/\/horapicodigital.com.ar\/index.php\/wp-json\/wp\/v2\/posts\/17851","targetHints":{"allow":["GET"]}}],"collection":[{"href":"https:\/\/horapicodigital.com.ar\/index.php\/wp-json\/wp\/v2\/posts"}],"about":[{"href":"https:\/\/horapicodigital.com.ar\/index.php\/wp-json\/wp\/v2\/types\/post"}],"author":[{"embeddable":true,"href":"https:\/\/horapicodigital.com.ar\/index.php\/wp-json\/wp\/v2\/users\/7"}],"replies":[{"embeddable":true,"href":"https:\/\/horapicodigital.com.ar\/index.php\/wp-json\/wp\/v2\/comments?post=17851"}],"version-history":[{"count":1,"href":"https:\/\/horapicodigital.com.ar\/index.php\/wp-json\/wp\/v2\/posts\/17851\/revisions"}],"predecessor-version":[{"id":17852,"href":"https:\/\/horapicodigital.com.ar\/index.php\/wp-json\/wp\/v2\/posts\/17851\/revisions\/17852"}],"wp:attachment":[{"href":"https:\/\/horapicodigital.com.ar\/index.php\/wp-json\/wp\/v2\/media?parent=17851"}],"wp:term":[{"taxonomy":"category","embeddable":true,"href":"https:\/\/horapicodigital.com.ar\/index.php\/wp-json\/wp\/v2\/categories?post=17851"},{"taxonomy":"post_tag","embeddable":true,"href":"https:\/\/horapicodigital.com.ar\/index.php\/wp-json\/wp\/v2\/tags?post=17851"}],"curies":[{"name":"wp","href":"https:\/\/api.w.org\/{rel}","templated":true}]}}