{"id":17846,"date":"2025-12-01T09:27:24","date_gmt":"2025-12-01T12:27:24","guid":{"rendered":"https:\/\/horapicodigital.com.ar\/?p=17846"},"modified":"2025-12-01T09:27:25","modified_gmt":"2025-12-01T12:27:25","slug":"anses-cambia-el-calendario-de-pagos-de-diciembre-cuando-cobran-jubilados-y-pensionados-con-aumento-bono-y-aguinaldo","status":"publish","type":"post","link":"https:\/\/horapicodigital.com.ar\/index.php\/2025\/12\/01\/anses-cambia-el-calendario-de-pagos-de-diciembre-cuando-cobran-jubilados-y-pensionados-con-aumento-bono-y-aguinaldo\/","title":{"rendered":"ANSES cambia el calendario de pagos de diciembre:\u00a0cu\u00e1ndo cobran jubilados y pensionados con aumento, bono y aguinaldo"},"content":{"rendered":"\n<p>El organismo previsional dispuso que los dep\u00f3sitos comiencen a partir de una fecha especial. Cabe se\u00f1alar que lo \u00fanico que se cambi\u00f3 es el d\u00eda, por lo que se mantiene el orden de cobro por terminaci\u00f3n de DNI.<\/p>\n\n\n\n<p>La\u00a0<strong>Administraci\u00f3n Nacional de la Seguridad Social (ANSES)<\/strong>\u00a0ajust\u00f3 el cronograma de pagos de diciembre, por lo cual\u00a0jubilados y pensionados\u00a0notar\u00e1n un atraso en la acreditaci\u00f3n de haberes, aguinaldo y bono extraordinario. Esta reprogramaci\u00f3n se debe al feriado del lunes 8 de diciembre, cuando se celebra la Inmaculada Concepci\u00f3n de la Virgen Mar\u00eda.<\/p>\n\n\n\n<p>En ese contexto, el organismo previsional dispuso que&nbsp;<strong>los dep\u00f3sitos comiencen a partir del martes 9 de diciembre<\/strong>. Cabe se\u00f1alar que lo \u00fanico que se cambi\u00f3 es la fecha, por lo que se mantiene el orden de cobro por terminaci\u00f3n de DNI.<\/p>\n\n\n\n<p>El \u00faltimo mes del a\u00f1o incluye el pago del medio aguinaldo, el bono para quienes perciben la m\u00ednima y el aumento del 2,34%, calculado seg\u00fan la inflaci\u00f3n de octubre.<\/p>\n\n\n\n<h2 class=\"wp-block-heading\">Calendario de pagos ANSES en diciembre 2025<\/h2>\n\n\n\n<h3 class=\"wp-block-heading\">Jubilados que cobran la m\u00ednima<\/h3>\n\n\n\n<ul class=\"wp-block-list\">\n<li>DNI terminados en 0: martes 9 de diciembre de 2025.<\/li>\n\n\n\n<li>DNI terminados en 1: mi\u00e9rcoles 10 de diciembre de 2025.<\/li>\n\n\n\n<li>DNI terminados en 2 y 3: jueves 11 de diciembre de 2025.<\/li>\n\n\n\n<li>DNI terminados en 4 y 5: viernes 12 de diciembre de 2025.<\/li>\n\n\n\n<li>DNI terminados en 6 y 7: lunes 15 de diciembre de 2025.<\/li>\n\n\n\n<li>DNI terminados en 8 y 9: martes 16 de diciembre de 2025.<\/li>\n<\/ul>\n\n\n\n<h3 class=\"wp-block-heading\">Jubilaciones que superan el m\u00ednimo<\/h3>\n\n\n\n<ul class=\"wp-block-list\">\n<li>DNI terminados en 0 y 1: mi\u00e9rcoles 17 de diciembre de 2025.<\/li>\n\n\n\n<li>DNI terminados en 2 y 3: jueves 18 de diciembre de 2025.<\/li>\n\n\n\n<li>DNI terminados en 4 y 5: viernes 19 de diciembre de 2025.<\/li>\n\n\n\n<li>DNI terminados en 6 y 7: lunes 22 de diciembre de 2025.<\/li>\n\n\n\n<li>DNI terminados en 8 y 9: martes 23 de diciembre de 2025.<\/li>\n<\/ul>\n\n\n\n<h3 class=\"wp-block-heading\">Pensiones no contributivas (PNC)<\/h3>\n\n\n\n<ul class=\"wp-block-list\">\n<li>DNI terminados en 0 y 1: martes 9 de diciembre de 2025.<\/li>\n\n\n\n<li>DNI terminados en 2 y 3: mi\u00e9rcoles 10 de diciembre de 2025.<\/li>\n\n\n\n<li>DNI terminados en 4 y 5: jueves 11 de diciembre de 2025.<\/li>\n\n\n\n<li>DNI terminados en 6 y 7: viernes 12 de diciembre de 2025.<\/li>\n\n\n\n<li>DNI terminados en 8 y 9: viernes 12 de diciembre de 2025.<\/li>\n<\/ul>\n\n\n\n<p>Adem\u00e1s, con estas fechas, ANSES se asegura que todos los beneficiarios cobren&nbsp;<strong>antes de las fiestas de Navidad y Fin de A\u00f1o<\/strong>.<\/p>\n","protected":false},"excerpt":{"rendered":"<p>El organismo previsional dispuso que los dep\u00f3sitos comiencen a partir de una fecha especial. Cabe se\u00f1alar que lo \u00fanico que se cambi\u00f3 es el d\u00eda, por lo que se mantiene el orden de cobro por terminaci\u00f3n de DNI. La\u00a0Administraci\u00f3n Nacional de la Seguridad Social (ANSES)\u00a0ajust\u00f3 el cronograma de pagos de diciembre, por lo cual\u00a0jubilados y [&hellip;]<\/p>\n","protected":false},"author":7,"featured_media":17847,"comment_status":"open","ping_status":"open","sticky":false,"template":"","format":"standard","meta":{"_themeisle_gutenberg_block_has_review":false,"footnotes":""},"categories":[6],"tags":[728,58],"class_list":["post-17846","post","type-post","status-publish","format-standard","has-post-thumbnail","hentry","category-economia","tag-jubilacion","tag-jujuy"],"_links":{"self":[{"href":"https:\/\/horapicodigital.com.ar\/index.php\/wp-json\/wp\/v2\/posts\/17846","targetHints":{"allow":["GET"]}}],"collection":[{"href":"https:\/\/horapicodigital.com.ar\/index.php\/wp-json\/wp\/v2\/posts"}],"about":[{"href":"https:\/\/horapicodigital.com.ar\/index.php\/wp-json\/wp\/v2\/types\/post"}],"author":[{"embeddable":true,"href":"https:\/\/horapicodigital.com.ar\/index.php\/wp-json\/wp\/v2\/users\/7"}],"replies":[{"embeddable":true,"href":"https:\/\/horapicodigital.com.ar\/index.php\/wp-json\/wp\/v2\/comments?post=17846"}],"version-history":[{"count":1,"href":"https:\/\/horapicodigital.com.ar\/index.php\/wp-json\/wp\/v2\/posts\/17846\/revisions"}],"predecessor-version":[{"id":17848,"href":"https:\/\/horapicodigital.com.ar\/index.php\/wp-json\/wp\/v2\/posts\/17846\/revisions\/17848"}],"wp:featuredmedia":[{"embeddable":true,"href":"https:\/\/horapicodigital.com.ar\/index.php\/wp-json\/wp\/v2\/media\/17847"}],"wp:attachment":[{"href":"https:\/\/horapicodigital.com.ar\/index.php\/wp-json\/wp\/v2\/media?parent=17846"}],"wp:term":[{"taxonomy":"category","embeddable":true,"href":"https:\/\/horapicodigital.com.ar\/index.php\/wp-json\/wp\/v2\/categories?post=17846"},{"taxonomy":"post_tag","embeddable":true,"href":"https:\/\/horapicodigital.com.ar\/index.php\/wp-json\/wp\/v2\/tags?post=17846"}],"curies":[{"name":"wp","href":"https:\/\/api.w.org\/{rel}","templated":true}]}}