{"id":17843,"date":"2025-12-01T09:14:42","date_gmt":"2025-12-01T12:14:42","guid":{"rendered":"https:\/\/horapicodigital.com.ar\/?p=17843"},"modified":"2025-12-01T09:14:42","modified_gmt":"2025-12-01T12:14:42","slug":"poder-judicial-en-duelo-asueto-por-el-fallecimiento-de-ekel-meyer","status":"publish","type":"post","link":"https:\/\/horapicodigital.com.ar\/index.php\/2025\/12\/01\/poder-judicial-en-duelo-asueto-por-el-fallecimiento-de-ekel-meyer\/","title":{"rendered":"Poder Judicial en duelo: asueto por el fallecimiento de Ekel Meyer"},"content":{"rendered":"\n<p>El presidente de la Corte falleci\u00f3 este mediod\u00eda. Su cuerpo ser\u00e1 velado hasta las 22.00 horas de hoy; en el Sal\u00f3n \u00abV\u00e9lez Sarsfield\u00bb de Tribunales.<\/p>\n\n\n\n<p>Ante tal irreparable p\u00e9rdida, la Suprema Corte de Justicia&nbsp;<strong>declar\u00f3 asueto administrativo en toda la jurisdicci\u00f3n del Poder Judicial de Jujuy<\/strong>&nbsp;para ma\u00f1ana&nbsp;<strong>lunes 1 de diciembre de 2025<\/strong>&nbsp;y&nbsp;<strong>duelo por tres d\u00edas<\/strong>&nbsp;en los que la Bandera Nacional Argentina y la Bandera Nacional de la Libertad Civil permanecer\u00e1n izadas a media asta en todos los edificios del Poder Judicial de Jujuy.<\/p>\n\n\n\n<p>Se hace saber, que el velatorio del Dr. Ekel Meyer se lleva a cabo en el Sal\u00f3n V\u00e9lez Sarsfield hasta las 22.00 horas de hoy; en tanto ma\u00f1ana, lunes 1 de diciembre, en el horario de 09.00 a 11.30 horas.<\/p>\n\n\n\n<p>Posteriormente sus restos ser\u00e1n trasladados a la ciudad de Salta.<\/p>\n","protected":false},"excerpt":{"rendered":"<p>El presidente de la Corte falleci\u00f3 este mediod\u00eda. Su cuerpo ser\u00e1 velado hasta las 22.00 horas de hoy; en el Sal\u00f3n \u00abV\u00e9lez Sarsfield\u00bb de Tribunales. Ante tal irreparable p\u00e9rdida, la Suprema Corte de Justicia&nbsp;declar\u00f3 asueto administrativo en toda la jurisdicci\u00f3n del Poder Judicial de Jujuy&nbsp;para ma\u00f1ana&nbsp;lunes 1 de diciembre de 2025&nbsp;y&nbsp;duelo por tres d\u00edas&nbsp;en los [&hellip;]<\/p>\n","protected":false},"author":7,"featured_media":17844,"comment_status":"open","ping_status":"open","sticky":false,"template":"","format":"standard","meta":{"_themeisle_gutenberg_block_has_review":false,"footnotes":""},"categories":[118],"tags":[58,2836],"class_list":["post-17843","post","type-post","status-publish","format-standard","has-post-thumbnail","hentry","category-sociedad","tag-jujuy","tag-q-e-p-d"],"_links":{"self":[{"href":"https:\/\/horapicodigital.com.ar\/index.php\/wp-json\/wp\/v2\/posts\/17843","targetHints":{"allow":["GET"]}}],"collection":[{"href":"https:\/\/horapicodigital.com.ar\/index.php\/wp-json\/wp\/v2\/posts"}],"about":[{"href":"https:\/\/horapicodigital.com.ar\/index.php\/wp-json\/wp\/v2\/types\/post"}],"author":[{"embeddable":true,"href":"https:\/\/horapicodigital.com.ar\/index.php\/wp-json\/wp\/v2\/users\/7"}],"replies":[{"embeddable":true,"href":"https:\/\/horapicodigital.com.ar\/index.php\/wp-json\/wp\/v2\/comments?post=17843"}],"version-history":[{"count":1,"href":"https:\/\/horapicodigital.com.ar\/index.php\/wp-json\/wp\/v2\/posts\/17843\/revisions"}],"predecessor-version":[{"id":17845,"href":"https:\/\/horapicodigital.com.ar\/index.php\/wp-json\/wp\/v2\/posts\/17843\/revisions\/17845"}],"wp:featuredmedia":[{"embeddable":true,"href":"https:\/\/horapicodigital.com.ar\/index.php\/wp-json\/wp\/v2\/media\/17844"}],"wp:attachment":[{"href":"https:\/\/horapicodigital.com.ar\/index.php\/wp-json\/wp\/v2\/media?parent=17843"}],"wp:term":[{"taxonomy":"category","embeddable":true,"href":"https:\/\/horapicodigital.com.ar\/index.php\/wp-json\/wp\/v2\/categories?post=17843"},{"taxonomy":"post_tag","embeddable":true,"href":"https:\/\/horapicodigital.com.ar\/index.php\/wp-json\/wp\/v2\/tags?post=17843"}],"curies":[{"name":"wp","href":"https:\/\/api.w.org\/{rel}","templated":true}]}}