{"id":17831,"date":"2025-12-01T09:04:03","date_gmt":"2025-12-01T12:04:03","guid":{"rendered":"https:\/\/horapicodigital.com.ar\/?p=17831"},"modified":"2025-12-01T09:04:04","modified_gmt":"2025-12-01T12:04:04","slug":"fallecio-ekel-meyer","status":"publish","type":"post","link":"https:\/\/horapicodigital.com.ar\/index.php\/2025\/12\/01\/fallecio-ekel-meyer\/","title":{"rendered":"Falleci\u00f3 Ekel Meyer"},"content":{"rendered":"\n<p>Presid\u00eda la Suprema Corte de Justicia de Jujuy<br><br>Gran consternaci\u00f3n gener\u00f3 este mediod\u00eda la noticia del fallecimiento de Ekel Meyer, presidente de la Suprema Corte de Justicia de Jujuy.<\/p>\n\n\n\n<p>Meyer hab\u00eda sido designado para desempe\u00f1arse como titular del m\u00e1ximo tribunal, durante el per\u00edodo constitucional de un a\u00f1o, a partir del 1 de enero de 2025. Previamente, en diciembre de 2020, se hab\u00eda desempe\u00f1ado como vocal del entonces Superior Tribunal de Justicia.<\/p>\n\n\n\n<p>Aquejado por una penosa enfermedad, llevaba un tiempo sin ejercer su labor en el Poder Judicial.<\/p>\n\n\n\n<p>Durante cinco a\u00f1os, entre 2015 y 2020, ocup\u00f3 el cargo de ministro de Seguridad de la provincia.<\/p>\n\n\n\n<p>A lo largo de su carrera pol\u00edtica en la Uni\u00f3n C\u00edvica Radical, Ekel Meyer fue concejal capitalino y diputado provincial.<\/p>\n\n\n\n<p><strong>Mensajes de condolencias de&nbsp;Bullrich y Sadir<\/strong><\/p>\n\n\n\n<p>Tras conocerse la tr\u00e1gica noticia empezaron las repercusiones y despedidas en el arco pol\u00edtico. Una de las primeras en pronunciarse fue la ministra de Seguridad Nacional, Patricia Bullrich: \u201cLamento profundamente el fallecimiento de Ekel Meyer. Compartimos a\u00f1os de trabajo por la justicia: primero en Seguridad de Jujuy y hasta su \u00faltimo d\u00eda en la Corte Suprema provincial\u201d, poste\u00f3 en su cuenta de X.<\/p>\n\n\n\n<p>\u201cEkel fue clave para terminar con el imperio de Milagro Sala. Firme, valiente y comprometido con la verdad. Mi abrazo y acompa\u00f1amiento a su familia\u201d, complet\u00f3 Bullrich.<\/p>\n\n\n\n<p>Por su parte, el gobernador de la provincia de Jujuy, Carlos Sadir, se sum\u00f3 al dolor expresando: \u201cLamento profundamente el fallecimiento de Ekel Meyer, un buen amigo y una gran persona con quien compart\u00ed a\u00f1os de trabajo y un funcionario que desde los diferentes roles que le toc\u00f3 ocupar siempre estuvo comprometido con su trabajo y con nuestra provincia. Mis condolencias a su familia\u201d.<\/p>\n\n\n\n<p><strong>Velatorio&nbsp;y asueto para despedir al Dr. Ekel Meyer<\/strong><\/p>\n\n\n\n<p>Seg\u00fan pudo confirmar nuestro diario El Tribuno de Jujuy,&nbsp;el velatorio del doctor&nbsp;<strong>Ekel Meyer<\/strong>&nbsp;se realizar\u00e1 en el Sal\u00f3n \u00abV\u00e9lez Sarsfield\u00bb de Tribunales, esta tarde a partir de las 18:30 y hasta aproximadamente las 19:00 horas, extendi\u00e9ndose posiblemente hasta la ma\u00f1ana siguiente.<\/p>\n\n\n\n<p>En relaci\u00f3n con el duelo, se informa que ma\u00f1ana regir\u00e1 asueto todo el d\u00eda en el Poder Judicial de la provincia.<\/p>\n","protected":false},"excerpt":{"rendered":"<p>Presid\u00eda la Suprema Corte de Justicia de Jujuy Gran consternaci\u00f3n gener\u00f3 este mediod\u00eda la noticia del fallecimiento de Ekel Meyer, presidente de la Suprema Corte de Justicia de Jujuy. Meyer hab\u00eda sido designado para desempe\u00f1arse como titular del m\u00e1ximo tribunal, durante el per\u00edodo constitucional de un a\u00f1o, a partir del 1 de enero de 2025. [&hellip;]<\/p>\n","protected":false},"author":7,"featured_media":17832,"comment_status":"open","ping_status":"open","sticky":false,"template":"","format":"standard","meta":{"_themeisle_gutenberg_block_has_review":false,"footnotes":""},"categories":[118],"tags":[58,2836],"class_list":["post-17831","post","type-post","status-publish","format-standard","has-post-thumbnail","hentry","category-sociedad","tag-jujuy","tag-q-e-p-d"],"_links":{"self":[{"href":"https:\/\/horapicodigital.com.ar\/index.php\/wp-json\/wp\/v2\/posts\/17831","targetHints":{"allow":["GET"]}}],"collection":[{"href":"https:\/\/horapicodigital.com.ar\/index.php\/wp-json\/wp\/v2\/posts"}],"about":[{"href":"https:\/\/horapicodigital.com.ar\/index.php\/wp-json\/wp\/v2\/types\/post"}],"author":[{"embeddable":true,"href":"https:\/\/horapicodigital.com.ar\/index.php\/wp-json\/wp\/v2\/users\/7"}],"replies":[{"embeddable":true,"href":"https:\/\/horapicodigital.com.ar\/index.php\/wp-json\/wp\/v2\/comments?post=17831"}],"version-history":[{"count":1,"href":"https:\/\/horapicodigital.com.ar\/index.php\/wp-json\/wp\/v2\/posts\/17831\/revisions"}],"predecessor-version":[{"id":17833,"href":"https:\/\/horapicodigital.com.ar\/index.php\/wp-json\/wp\/v2\/posts\/17831\/revisions\/17833"}],"wp:featuredmedia":[{"embeddable":true,"href":"https:\/\/horapicodigital.com.ar\/index.php\/wp-json\/wp\/v2\/media\/17832"}],"wp:attachment":[{"href":"https:\/\/horapicodigital.com.ar\/index.php\/wp-json\/wp\/v2\/media?parent=17831"}],"wp:term":[{"taxonomy":"category","embeddable":true,"href":"https:\/\/horapicodigital.com.ar\/index.php\/wp-json\/wp\/v2\/categories?post=17831"},{"taxonomy":"post_tag","embeddable":true,"href":"https:\/\/horapicodigital.com.ar\/index.php\/wp-json\/wp\/v2\/tags?post=17831"}],"curies":[{"name":"wp","href":"https:\/\/api.w.org\/{rel}","templated":true}]}}