{"id":17829,"date":"2025-12-01T09:00:31","date_gmt":"2025-12-01T12:00:31","guid":{"rendered":"https:\/\/horapicodigital.com.ar\/?p=17829"},"modified":"2025-12-01T09:00:32","modified_gmt":"2025-12-01T12:00:32","slug":"arranca-este-lunes-el-pago-a-estatales-de-jujuy","status":"publish","type":"post","link":"https:\/\/horapicodigital.com.ar\/index.php\/2025\/12\/01\/arranca-este-lunes-el-pago-a-estatales-de-jujuy\/","title":{"rendered":"Arranca este lunes el pago a estatales de Jujuy"},"content":{"rendered":"\n<p>El cronograma se extender\u00e1 desde el lunes 1 hasta el jueves 4 de diciembre, abarcando a todos los empleados de la administraci\u00f3n p\u00fablica provincial. Las fuerzas de seguridad y los organismos aut\u00e1rquicos ser\u00e1n los primeros en cobrar.<\/p>\n\n\n\n<p>El Gobierno de la Provincia de Jujuy confirm\u00f3 el calendario para el abono de los haberes correspondientes al mes de noviembre para todo su sector estatal. El cronograma dar\u00e1 inicio este lunes 1 de diciembre y se desarrollar\u00e1 de manera escalonada a lo largo de cuatro d\u00edas, con el objetivo de organizar el proceso de pago de manera ordenada.<\/p>\n\n\n\n<p>Para este primer d\u00eda,<strong>&nbsp;lunes 1 de diciembre,<\/strong>&nbsp;est\u00e1 previsto el cobro para los Veteranos de Guerra de Malvinas, los efectivos de la Polic\u00eda Provincial, el Servicio Penitenciario y los trabajadores de los Organismos Aut\u00e1rquicos. Estos sectores encabezan el calendario de dep\u00f3sitos.<\/p>\n\n\n\n<p>La segunda jornada,&nbsp;<strong>el martes 2 de diciembre<\/strong>, estar\u00e1 destinada a los trabajadores de los Municipios, la Administraci\u00f3n Central, y los ministerios de Salud y de Desarrollo Humano. Con esto, una amplia base de la estructura gubernamental percibir\u00e1 su salario.<\/p>\n\n\n\n<p>El&nbsp;<strong>mi\u00e9rcoles 3 de diciembre&nbsp;<\/strong>continuar\u00e1 el cronograma con los docentes de todos los niveles educativos. En esta fecha cobrar\u00e1n el personal de Educaci\u00f3n Inicial y Primaria, seguido por los de Educaci\u00f3n Secundaria y Superior.<\/p>\n\n\n\n<p>Finalmente<strong>, el jueves 4 de diciembre<\/strong>&nbsp;se completar\u00e1 el pago para los empleados de los Organismos Descentralizados, el Poder Judicial, el Poder Legislativo y la Auditor\u00eda General de la Provincia, incluyendo tambi\u00e9n a los funcionarios de estos poderes. De esta manera, la administraci\u00f3n provincial concluye con la acreditaci\u00f3n de los sueldos antes del fin de la primera semana de diciembre.<\/p>\n","protected":false},"excerpt":{"rendered":"<p>El cronograma se extender\u00e1 desde el lunes 1 hasta el jueves 4 de diciembre, abarcando a todos los empleados de la administraci\u00f3n p\u00fablica provincial. Las fuerzas de seguridad y los organismos aut\u00e1rquicos ser\u00e1n los primeros en cobrar. El Gobierno de la Provincia de Jujuy confirm\u00f3 el calendario para el abono de los haberes correspondientes al [&hellip;]<\/p>\n","protected":false},"author":7,"featured_media":16490,"comment_status":"open","ping_status":"open","sticky":false,"template":"","format":"standard","meta":{"_themeisle_gutenberg_block_has_review":false,"footnotes":""},"categories":[32,118],"tags":[2876,58],"class_list":["post-17829","post","type-post","status-publish","format-standard","has-post-thumbnail","hentry","category-locales","category-sociedad","tag-cronograma-de-pago","tag-jujuy"],"_links":{"self":[{"href":"https:\/\/horapicodigital.com.ar\/index.php\/wp-json\/wp\/v2\/posts\/17829","targetHints":{"allow":["GET"]}}],"collection":[{"href":"https:\/\/horapicodigital.com.ar\/index.php\/wp-json\/wp\/v2\/posts"}],"about":[{"href":"https:\/\/horapicodigital.com.ar\/index.php\/wp-json\/wp\/v2\/types\/post"}],"author":[{"embeddable":true,"href":"https:\/\/horapicodigital.com.ar\/index.php\/wp-json\/wp\/v2\/users\/7"}],"replies":[{"embeddable":true,"href":"https:\/\/horapicodigital.com.ar\/index.php\/wp-json\/wp\/v2\/comments?post=17829"}],"version-history":[{"count":1,"href":"https:\/\/horapicodigital.com.ar\/index.php\/wp-json\/wp\/v2\/posts\/17829\/revisions"}],"predecessor-version":[{"id":17830,"href":"https:\/\/horapicodigital.com.ar\/index.php\/wp-json\/wp\/v2\/posts\/17829\/revisions\/17830"}],"wp:featuredmedia":[{"embeddable":true,"href":"https:\/\/horapicodigital.com.ar\/index.php\/wp-json\/wp\/v2\/media\/16490"}],"wp:attachment":[{"href":"https:\/\/horapicodigital.com.ar\/index.php\/wp-json\/wp\/v2\/media?parent=17829"}],"wp:term":[{"taxonomy":"category","embeddable":true,"href":"https:\/\/horapicodigital.com.ar\/index.php\/wp-json\/wp\/v2\/categories?post=17829"},{"taxonomy":"post_tag","embeddable":true,"href":"https:\/\/horapicodigital.com.ar\/index.php\/wp-json\/wp\/v2\/tags?post=17829"}],"curies":[{"name":"wp","href":"https:\/\/api.w.org\/{rel}","templated":true}]}}