{"id":17823,"date":"2025-12-01T08:47:08","date_gmt":"2025-12-01T11:47:08","guid":{"rendered":"https:\/\/horapicodigital.com.ar\/?p=17823"},"modified":"2025-12-01T08:47:09","modified_gmt":"2025-12-01T11:47:09","slug":"sadir-contribuye-a-la-construccion-de-liderazgos","status":"publish","type":"post","link":"https:\/\/horapicodigital.com.ar\/index.php\/2025\/12\/01\/sadir-contribuye-a-la-construccion-de-liderazgos\/","title":{"rendered":"Sadir contribuye a la construcci\u00f3n de liderazgos"},"content":{"rendered":"\n<p>El gobernador de la Provincia,\u00a0<strong>Carlos Sadir<\/strong>, particip\u00f3 del cierre del\u00a0<strong>Programa Pa\u00eds Federal<\/strong>\u00a0de la Fundaci\u00f3n Universitaria del R\u00edo de la Plata (FURP), espacio que comparti\u00f3 con m\u00e1s de 70 j\u00f3venes de todo el pa\u00eds.<\/p>\n\n\n\n<p>Finalmente, el gobernador expres\u00f3 su \u201cfelicidad ante tantos j\u00f3venes comprometidos con nuestro pa\u00eds y con vocaci\u00f3n de liderazgo\u201d.<\/p>\n","protected":false},"excerpt":{"rendered":"<p>El gobernador de la Provincia,\u00a0Carlos Sadir, particip\u00f3 del cierre del\u00a0Programa Pa\u00eds Federal\u00a0de la Fundaci\u00f3n Universitaria del R\u00edo de la Plata (FURP), espacio que comparti\u00f3 con m\u00e1s de 70 j\u00f3venes de todo el pa\u00eds. Finalmente, el gobernador expres\u00f3 su \u201cfelicidad ante tantos j\u00f3venes comprometidos con nuestro pa\u00eds y con vocaci\u00f3n de liderazgo\u201d.<\/p>\n","protected":false},"author":7,"featured_media":17824,"comment_status":"open","ping_status":"open","sticky":false,"template":"","format":"standard","meta":{"_themeisle_gutenberg_block_has_review":false,"footnotes":""},"categories":[118],"tags":[58],"class_list":["post-17823","post","type-post","status-publish","format-standard","has-post-thumbnail","hentry","category-sociedad","tag-jujuy"],"_links":{"self":[{"href":"https:\/\/horapicodigital.com.ar\/index.php\/wp-json\/wp\/v2\/posts\/17823","targetHints":{"allow":["GET"]}}],"collection":[{"href":"https:\/\/horapicodigital.com.ar\/index.php\/wp-json\/wp\/v2\/posts"}],"about":[{"href":"https:\/\/horapicodigital.com.ar\/index.php\/wp-json\/wp\/v2\/types\/post"}],"author":[{"embeddable":true,"href":"https:\/\/horapicodigital.com.ar\/index.php\/wp-json\/wp\/v2\/users\/7"}],"replies":[{"embeddable":true,"href":"https:\/\/horapicodigital.com.ar\/index.php\/wp-json\/wp\/v2\/comments?post=17823"}],"version-history":[{"count":1,"href":"https:\/\/horapicodigital.com.ar\/index.php\/wp-json\/wp\/v2\/posts\/17823\/revisions"}],"predecessor-version":[{"id":17825,"href":"https:\/\/horapicodigital.com.ar\/index.php\/wp-json\/wp\/v2\/posts\/17823\/revisions\/17825"}],"wp:featuredmedia":[{"embeddable":true,"href":"https:\/\/horapicodigital.com.ar\/index.php\/wp-json\/wp\/v2\/media\/17824"}],"wp:attachment":[{"href":"https:\/\/horapicodigital.com.ar\/index.php\/wp-json\/wp\/v2\/media?parent=17823"}],"wp:term":[{"taxonomy":"category","embeddable":true,"href":"https:\/\/horapicodigital.com.ar\/index.php\/wp-json\/wp\/v2\/categories?post=17823"},{"taxonomy":"post_tag","embeddable":true,"href":"https:\/\/horapicodigital.com.ar\/index.php\/wp-json\/wp\/v2\/tags?post=17823"}],"curies":[{"name":"wp","href":"https:\/\/api.w.org\/{rel}","templated":true}]}}